{"id":979,"date":"2021-07-12T13:03:00","date_gmt":"2021-07-12T13:03:00","guid":{"rendered":"https:\/\/kodaly-muveszeti-fesztival.hu\/?p=979"},"modified":"2021-07-23T08:09:33","modified_gmt":"2021-07-23T08:09:33","slug":"elementor-979","status":"publish","type":"post","link":"https:\/\/kodaly-muveszeti-fesztival.hu\/?p=979","title":{"rendered":"Kod\u00e1ly Ponttal b\u0151v\u00fcl id\u00e9n a Kod\u00e1ly M\u0171v\u00e9szeti Fesztiv\u00e1l"},"content":{"rendered":"\t\t<div data-elementor-type=\"wp-post\" data-elementor-id=\"979\" class=\"elementor elementor-979\">\n\t\t\t\t\t\t<section class=\"elementor-section elementor-top-section elementor-element elementor-element-1da78a7b elementor-section-full_width elementor-section-content-middle elementor-section-height-default elementor-section-height-default\" data-id=\"1da78a7b\" data-element_type=\"section\">\n\t\t\t\t\t\t<div class=\"elementor-container elementor-column-gap-no\">\n\t\t\t\t\t<div class=\"elementor-column elementor-col-50 elementor-top-column elementor-element elementor-element-7e2df3ea\" data-id=\"7e2df3ea\" data-element_type=\"column\" data-settings=\"{&quot;background_background&quot;:&quot;classic&quot;}\">\n\t\t\t<div class=\"elementor-widget-wrap elementor-element-populated\">\n\t\t\t\t\t<div class=\"elementor-background-overlay\"><\/div>\n\t\t\t\t\t\t<div class=\"elementor-element elementor-element-1bac3181 elementor-widget elementor-widget-heading\" data-id=\"1bac3181\" data-element_type=\"widget\" data-widget_type=\"heading.default\">\n\t\t\t\t<div class=\"elementor-widget-container\">\n\t\t\t\t\t<h4 class=\"elementor-heading-title elementor-size-default\">Kod\u00e1ly Ponttal b\u0151v\u00fcl a Kod\u00e1ly M\u0171v\u00e9szeti Fesztiv\u00e1l<\/h4>\t\t\t\t<\/div>\n\t\t\t\t<\/div>\n\t\t\t\t\t<\/div>\n\t\t<\/div>\n\t\t\t\t<div class=\"elementor-column elementor-col-50 elementor-top-column elementor-element elementor-element-694dbb3e\" data-id=\"694dbb3e\" data-element_type=\"column\">\n\t\t\t<div class=\"elementor-widget-wrap elementor-element-populated\">\n\t\t\t\t\t\t<div class=\"elementor-element elementor-element-65cf6013 elementor-widget elementor-widget-text-editor\" data-id=\"65cf6013\" data-element_type=\"widget\" data-widget_type=\"text-editor.default\">\n\t\t\t\t<div class=\"elementor-widget-container\">\n\t\t\t\t\t\t\t\t\t<p><strong>J\u00falius 12-\u00e9n sajt\u00f3nyilv\u00e1noss\u00e1g el\u0151tt is bemutatt\u00e1k a Kod\u00e1ly M\u0171v\u00e9szeti Fesztiv\u00e1l idei programj\u00e1t, tradicion\u00e1lis \u00e9s innovat\u00edv elemeit, helysz\u00edneit. A Romkertben tartott rendezv\u00e9nyen, Barta D\u00f3ra \u00e9s Bak Lajos, a H\u00edr\u00f6s Ag\u00f3ra \u00fcgyvezet\u0151 igazgat\u00f3i, To\u00f3kosn\u00e9 B\u00f6r\u00f6nte Erika programszervez\u0151 \u00e9s F\u00f6ldi J\u00e1cint, a Kecskem\u00e9ti Szimfonikus Zenekar m\u0171v\u00e9szeti titk\u00e1ra k\u00f6sz\u00f6nt\u00f6tte a sajt\u00f3 k\u00e9pvisel\u0151it. <\/strong><\/p>\t\t\t\t\t\t\t\t<\/div>\n\t\t\t\t<\/div>\n\t\t\t\t<div class=\"elementor-element elementor-element-6a44d88e elementor-widget elementor-widget-text-editor\" data-id=\"6a44d88e\" data-element_type=\"widget\" data-widget_type=\"text-editor.default\">\n\t\t\t\t<div class=\"elementor-widget-container\">\n\t\t\t\t\t\t\t\t\t<p>V\u00e1ltozatos zenei programokkal v\u00e1rja a k\u00f6z\u00f6ns\u00e9get j\u00falius 19. \u00e9s 30. k\u00f6z\u00f6tt Kecskem\u00e9ten a Kod\u00e1ly M\u0171v\u00e9szeti Fesztiv\u00e1l, amelyen id\u00e9n olyan m\u0171v\u00e9szek l\u00e9pnek sz\u00ednpadra, mint a Duna M\u0171v\u00e9szegy\u00fcttes, Simon Izabella zongoram\u0171v\u00e9sz, Bretz G\u00e1bor vil\u00e1gh\u00edr\u0171 opera\u00e9nekes, Gr\u00e1f Zsuzsa zongoram\u0171v\u00e9sz, a S\u00e1rik P\u00e9ter tri\u00f3, a Kecskem\u00e9ti Szimfonikus Zenekar, Erdei P\u00e9ter \u00e9s Nemes L\u00e1szl\u00f3 Norbert, a Nemzeti Ifj\u00fas\u00e1gi K\u00f3rus, H\u00e1mori M\u00e1t\u00e9, Holl\u00f3k\u0151i Huba, Navratil Andrea t\u00f6bbek k\u00f6z\u00f6tt, a fesztiv\u00e1l vend\u00e9ge lesz a z\u00e1r\u00f3koncerten Sergei Nakariakov vil\u00e1gh\u00edr\u0171 orosz trombitam\u0171v\u00e9sz.<\/p><p>A t\u00f6bb \u00e9vtizedes m\u00faltra visszatekint\u0151 Kod\u00e1ly M\u0171v\u00e9szeti Fesztiv\u00e1l rendezv\u00e9nyeit szoros egy\u00fcttm\u0171k\u00f6d\u00e9sben rendezik meg a Liszt Ferenc Zenem\u0171v\u00e9szeti Egyetem Kod\u00e1ly Zolt\u00e1n Zenepedag\u00f3giai Int\u00e9zettel. Az int\u00e9zet igazgat\u00f3ja, dr. Nemes L\u00e1szl\u00f3 Norbert a fesztiv\u00e1l m\u0171v\u00e9szeti tan\u00e1csad\u00f3ja \u00e9vek \u00f3ta.<\/p><p>Kecskem\u00e9t 1970-ben adott otthont el\u0151sz\u00f6r a Kod\u00e1ly Szemin\u00e1riumnak. A ny\u00e1ri Szemin\u00e1riumokhoz a kezdetek \u00f3ta egy hangversenysorozat kapcsol\u00f3dott, amely 1991-t\u0151l viseli a Kod\u00e1ly Fesztiv\u00e1l nevet. Az elm\u00falt \u00e9vtizedekben kialakult a fesztiv\u00e1l f\u0151 koncepci\u00f3ja: Kod\u00e1ly zenem\u0171vei \u00e9s az \u00e9letm\u0171v\u00e9hez kapcsol\u00f3d\u00f3 r\u00e9gi \u00e9s \u00fajabb szerz\u0151k m\u0171veinek megsz\u00f3laltat\u00e1sa, a kort\u00e1rs magyar zene jeles k\u00e9pvisel\u0151inek bemutat\u00e1sa, helyi zenei m\u0171helyek \u00e9s versenygy\u0151ztes fiatal m\u0171v\u00e9szek bemutatkoz\u00e1sa. Az \u00e9vek sor\u00e1n gazdagodott \u00e9s sz\u00ednesedett a program: m\u00e1s m\u0171v\u00e9szeti \u00e1gak is helyet kaptak a fesztiv\u00e1l programj\u00e1ban. 1998-t\u00f3l a fesztiv\u00e1l Kod\u00e1ly M\u0171v\u00e9szeti Fesztiv\u00e1l n\u00e9ven v\u00e1lt Kecskem\u00e9t \u00e9s a r\u00e9gi\u00f3 egyik legjelent\u0151sebb kultur\u00e1lis esem\u00e9ny\u00e9v\u00e9.<\/p><p><strong>Kod\u00e1ly Pont. Pont Neked. <\/strong><\/p><p>A szlogen m\u00f6g\u00f6tt a kultur\u00e1lis kapcsolatteremt\u00e9si lehet\u0151s\u00e9gek egy \u00faj form\u00e1ja jelenik meg. A c\u00e9l egy korszer\u0171 k\u00f6zeg megteremt\u00e9se a megl\u00e9v\u0151 trad\u00edci\u00f3k tiszteletben tart\u00e1sa mellett.<\/p><p>Online megoszt\u00e1sokra hangolt vil\u00e1gunkban most lehet\u0151s\u00e9g ny\u00edlik az \u00e9l\u0151 tartalom k\u00f6zvet\u00edt\u00e9sre \u00e9s a gyors interakci\u00f3kra az el\u0151ad\u00f3 \u00e9s a k\u00f6z\u00f6ns\u00e9ge k\u00f6z\u00f6tt. Mindezt k\u00f6t\u00f6tts\u00e9gekt\u0151l mentes, fiatalos form\u00e1ban. A H\u00edr\u00f6s Ag\u00f3ra el\u0151tt a De\u00e1k Ferenc t\u00e9ren lesz ez a bizonyos Kod\u00e1ly Pont, ahol a zene nyelv\u00e9n vagy a zene aprop\u00f3j\u00e1n teremt\u00fcnk k\u00f6tetlen megnyilatkoz\u00e1si lehet\u0151s\u00e9get a v\u00e1ros lak\u00f3i s a fesztiv\u00e1lra idel\u00e1togat\u00f3k sz\u00e1m\u00e1ra. \u201eLegyen a zene mindenki\u00e9!\u201d<\/p><p>Most egy\u00fctt megval\u00f3s\u00edtjuk fesztiv\u00e1lunk n\u00e9vad\u00f3j\u00e1nak \u00e1lm\u00e1t, ez a Pont lesz az a hely, amely val\u00f3ban mindenki\u00e9, ahol n\u00e9h\u00e1ny percig b\u00e1rki zen\u00e9lhet, m\u0171fajt\u00f3l s amat\u0151r vagy professzion\u00e1lis st\u00e1tusz\u00e1t\u00f3l f\u00fcggetlen\u00fcl. S aki nem tudja a zene univerz\u00e1lis nyelv\u00e9n megfogalmazni-kifejezni gondolatait az elmondhatja \u00e9l\u0151sz\u00f3ban is a zen\u00e9vel kapcsolatos \u00e9lm\u00e9nyeit-eml\u00e9keit-benyom\u00e1sait.<\/p><p>A Kod\u00e1ly M\u0171v\u00e9szeti Fesztiv\u00e1l programjainak id\u0151pontjaival \u00f6sszhangban, 2021. j\u00falius 18-30-ig m\u0171k\u00f6dik majd a Kod\u00e1ly Pont a nap minden \u00f3r\u00e1j\u00e1ban, ekkor v\u00e1rja mindazokat, akik szeretn\u00e9k megmutatni tud\u00e1sukat vagy megosztani gondolataikat. A nagy el\u0151zetes \u00e9rdekl\u0151d\u00e9sre val\u00f3 tekintettel garant\u00e1lt, hogy minden nap 18.30 \u00e9s 19.30 k\u00f6z\u00f6tt vitalit\u00e1ssal lesz teli a De\u00e1k Ferenc t\u00e9r k\u00f6z\u00e9ppontja.\u00a0 Rem\u00e9lhet\u0151leg sokan \u00e9lnek majd ezzel a f\u00e9lig komoly-f\u00e9lig j\u00e1t\u00e9kos lehet\u0151s\u00e9ggel kort\u00f3l, nemt\u0151l, m\u0171fajt\u00f3l, hangszert\u0151l f\u00fcggetlen\u00fcl. Mutatkozzanak meg a friss tehets\u00e9gek!<\/p><p>Gyere, inspir\u00e1lj m\u00e1st, emelkedj magasra! Kod\u00e1ly Pont. Pont Neked!<\/p>\t\t\t\t\t\t\t\t<\/div>\n\t\t\t\t<\/div>\n\t\t\t\t<div class=\"elementor-element elementor-element-74a499cd elementor-widget elementor-widget-text-editor\" data-id=\"74a499cd\" data-element_type=\"widget\" data-widget_type=\"text-editor.default\">\n\t\t\t\t<div class=\"elementor-widget-container\">\n\t\t\t\t\t\t\t\t\t<p><strong>Meg\u00fajul\u00f3 arculat egy j\u00f3l ismert k\u00f6zegben<\/strong><\/p><p>A kreativit\u00e1s \u00e9s az intellektu\u00e1lis t\u0151ke, mint az els\u0151dleges teremt\u0151 er\u0151k ker\u00fcltek a H\u00edr\u00f6s Ag\u00f3ra f\u00f3kusz\u00e1ba.\u00a0 A j\u00fanius k\u00f6zep\u00e9t\u0151l megindult meg\u00fajul\u00e1si folyamatnak k\u00f6sz\u00f6nhet\u0151en m\u00e1r a Kod\u00e1ly Fesztiv\u00e1l is \u00faj k\u00f6nt\u00f6sben jelenik meg. Ezek a jegyek megmutatkoznak a k\u00fcls\u0151 \u00e9s bels\u0151 kommunik\u00e1ci\u00f3nkban egyar\u00e1nt, az online \u00e9s az offline t\u00e9rben is. Az \u00faj helysz\u00ednek eset\u00e9ben is igyekszik a fesztiv\u00e1l az aktu\u00e1lis vizu\u00e1lis trendekhez illeszkedni. Bizonyos koncertekhez k\u00e9pi attrakci\u00f3kat is t\u00e1rs\u00edt a szervez\u0151 H\u00edr\u00f6s Ag\u00f3ra, \u00fagynevezett \u201eatmoszf\u00e9ra\u201d koncertek form\u00e1j\u00e1ban a Romkert \u00e9s a F\u0151t\u00e9r helysz\u00ednein. Az \u00faj arculat form\u00e1l\u00f3d\u00e1sa mellett a kapcsol\u00f3d\u00f3 terek fizikai k\u00f6rnyezete is \u00e1talakul a fesztiv\u00e1l idej\u00e9re, hiszen e k\u00f6z\u00f6ss\u00e9gi terek funkci\u00f3inak jobb kihaszn\u00e1l\u00e1sa \u00e9rdek\u00e9ben \u00faj t\u00e9rhaszn\u00e1lati elvek \u00e9s friss design\u00f6tletek is meg fognak val\u00f3sulni. Ma m\u00e1r egyre l\u00e9nyegesebb a rendezv\u00e9nyek eset\u00e9ben is a helysz\u00ednek vizu\u00e1lis \u00fczenete, mint a k\u00f6z\u00f6ss\u00e9g\u00e9p\u00edt\u00e9s, valamint a kultur\u00e1lis kommunik\u00e1ci\u00f3 \u00e9s gazdas\u00e1gfejleszt\u00e9s egyik fontos \u00e9s korszer\u0171 eleme.<\/p>\t\t\t\t\t\t\t\t<\/div>\n\t\t\t\t<\/div>\n\t\t\t\t\t<\/div>\n\t\t<\/div>\n\t\t\t\t\t<\/div>\n\t\t<\/section>\n\t\t\t\t<\/div>\n\t\t","protected":false},"excerpt":{"rendered":"<p>Kod\u00e1ly Ponttal b\u0151v\u00fcl a Kod\u00e1ly M\u0171v\u00e9szeti Fesztiv\u00e1l J\u00falius 12-\u00e9n sajt\u00f3nyilv\u00e1noss\u00e1g el\u0151tt is bemutatt\u00e1k a Kod\u00e1ly M\u0171v\u00e9szeti Fesztiv\u00e1l idei programj\u00e1t, tradicion\u00e1lis \u00e9s innovat\u00edv elemeit, helysz\u00edneit. A Romkertben tartott rendezv\u00e9nyen, Barta D\u00f3ra \u00e9s Bak Lajos, a H\u00edr\u00f6s Ag\u00f3ra \u00fcgyvezet\u0151 igazgat\u00f3i, To\u00f3kosn\u00e9 B\u00f6r\u00f6nte Erika programszervez\u0151 \u00e9s F\u00f6ldi J\u00e1cint, a Kecskem\u00e9ti Szimfonikus Zenekar m\u0171v\u00e9szeti titk\u00e1ra k\u00f6sz\u00f6nt\u00f6tte a sajt\u00f3 k\u00e9pvisel\u0151it. V\u00e1ltozatos zenei programokkal v\u00e1rja a k\u00f6z\u00f6ns\u00e9get j\u00falius 19. \u00e9s 30. k\u00f6z\u00f6tt Kecskem\u00e9ten a Kod\u00e1ly M\u0171v\u00e9szeti Fesztiv\u00e1l, amelyen id\u00e9n olyan m\u0171v\u00e9szek l\u00e9pnek sz\u00ednpadra, mint a Duna M\u0171v\u00e9szegy\u00fcttes, Simon Izabella zongoram\u0171v\u00e9sz, Bretz G\u00e1bor vil\u00e1gh\u00edr\u0171 opera\u00e9nekes, Gr\u00e1f Zsuzsa zongoram\u0171v\u00e9sz, a S\u00e1rik P\u00e9ter tri\u00f3, a Kecskem\u00e9ti Szimfonikus Zenekar, Erdei P\u00e9ter \u00e9s Nemes L\u00e1szl\u00f3 Norbert, a Nemzeti Ifj\u00fas\u00e1gi K\u00f3rus, H\u00e1mori M\u00e1t\u00e9, Holl\u00f3k\u0151i Huba, Navratil Andrea t\u00f6bbek k\u00f6z\u00f6tt, a fesztiv\u00e1l vend\u00e9ge lesz a z\u00e1r\u00f3koncerten Sergei Nakariakov vil\u00e1gh\u00edr\u0171 orosz trombitam\u0171v\u00e9sz. A t\u00f6bb \u00e9vtizedes m\u00faltra visszatekint\u0151 Kod\u00e1ly M\u0171v\u00e9szeti Fesztiv\u00e1l rendezv\u00e9nyeit szoros egy\u00fcttm\u0171k\u00f6d\u00e9sben rendezik meg a Liszt Ferenc Zenem\u0171v\u00e9szeti Egyetem Kod\u00e1ly Zolt\u00e1n Zenepedag\u00f3giai Int\u00e9zettel. Az int\u00e9zet igazgat\u00f3ja, dr. Nemes L\u00e1szl\u00f3 Norbert a fesztiv\u00e1l m\u0171v\u00e9szeti tan\u00e1csad\u00f3ja \u00e9vek \u00f3ta. Kecskem\u00e9t 1970-ben adott otthont el\u0151sz\u00f6r a Kod\u00e1ly Szemin\u00e1riumnak. A ny\u00e1ri Szemin\u00e1riumokhoz a kezdetek \u00f3ta egy hangversenysorozat kapcsol\u00f3dott, amely 1991-t\u0151l viseli a Kod\u00e1ly Fesztiv\u00e1l nevet. Az elm\u00falt \u00e9vtizedekben kialakult a fesztiv\u00e1l f\u0151 koncepci\u00f3ja: Kod\u00e1ly zenem\u0171vei \u00e9s az \u00e9letm\u0171v\u00e9hez kapcsol\u00f3d\u00f3 r\u00e9gi \u00e9s \u00fajabb szerz\u0151k m\u0171veinek megsz\u00f3laltat\u00e1sa, a kort\u00e1rs magyar zene jeles k\u00e9pvisel\u0151inek bemutat\u00e1sa, helyi zenei m\u0171helyek \u00e9s versenygy\u0151ztes fiatal m\u0171v\u00e9szek bemutatkoz\u00e1sa. Az \u00e9vek sor\u00e1n gazdagodott \u00e9s sz\u00ednesedett a program: m\u00e1s m\u0171v\u00e9szeti \u00e1gak is helyet kaptak a fesztiv\u00e1l programj\u00e1ban. 1998-t\u00f3l a fesztiv\u00e1l Kod\u00e1ly M\u0171v\u00e9szeti Fesztiv\u00e1l n\u00e9ven v\u00e1lt Kecskem\u00e9t \u00e9s a r\u00e9gi\u00f3 egyik legjelent\u0151sebb kultur\u00e1lis esem\u00e9ny\u00e9v\u00e9. Kod\u00e1ly Pont. Pont Neked. A szlogen m\u00f6g\u00f6tt a kultur\u00e1lis kapcsolatteremt\u00e9si lehet\u0151s\u00e9gek egy \u00faj form\u00e1ja jelenik meg. A c\u00e9l egy korszer\u0171 k\u00f6zeg megteremt\u00e9se a megl\u00e9v\u0151 trad\u00edci\u00f3k tiszteletben tart\u00e1sa mellett. Online megoszt\u00e1sokra hangolt vil\u00e1gunkban most lehet\u0151s\u00e9g ny\u00edlik az \u00e9l\u0151 tartalom k\u00f6zvet\u00edt\u00e9sre \u00e9s a gyors interakci\u00f3kra az el\u0151ad\u00f3 \u00e9s a k\u00f6z\u00f6ns\u00e9ge k\u00f6z\u00f6tt. Mindezt k\u00f6t\u00f6tts\u00e9gekt\u0151l mentes, fiatalos form\u00e1ban. A H\u00edr\u00f6s Ag\u00f3ra el\u0151tt a De\u00e1k Ferenc t\u00e9ren lesz ez a bizonyos Kod\u00e1ly Pont, ahol a zene nyelv\u00e9n vagy a zene aprop\u00f3j\u00e1n teremt\u00fcnk k\u00f6tetlen megnyilatkoz\u00e1si lehet\u0151s\u00e9get a v\u00e1ros lak\u00f3i s a fesztiv\u00e1lra idel\u00e1togat\u00f3k sz\u00e1m\u00e1ra. \u201eLegyen a zene mindenki\u00e9!\u201d Most egy\u00fctt megval\u00f3s\u00edtjuk fesztiv\u00e1lunk n\u00e9vad\u00f3j\u00e1nak \u00e1lm\u00e1t, ez a Pont lesz az a hely, amely val\u00f3ban mindenki\u00e9, ahol n\u00e9h\u00e1ny percig b\u00e1rki zen\u00e9lhet, m\u0171fajt\u00f3l s amat\u0151r vagy professzion\u00e1lis st\u00e1tusz\u00e1t\u00f3l f\u00fcggetlen\u00fcl. S aki nem tudja a zene univerz\u00e1lis nyelv\u00e9n megfogalmazni-kifejezni gondolatait az elmondhatja \u00e9l\u0151sz\u00f3ban is a zen\u00e9vel kapcsolatos \u00e9lm\u00e9nyeit-eml\u00e9keit-benyom\u00e1sait. A Kod\u00e1ly M\u0171v\u00e9szeti Fesztiv\u00e1l programjainak id\u0151pontjaival \u00f6sszhangban, 2021. j\u00falius 18-30-ig m\u0171k\u00f6dik majd a Kod\u00e1ly Pont a nap minden \u00f3r\u00e1j\u00e1ban, ekkor v\u00e1rja mindazokat, akik szeretn\u00e9k megmutatni tud\u00e1sukat vagy megosztani gondolataikat. A nagy el\u0151zetes \u00e9rdekl\u0151d\u00e9sre val\u00f3 tekintettel garant\u00e1lt, hogy minden nap 18.30 \u00e9s 19.30 k\u00f6z\u00f6tt vitalit\u00e1ssal lesz teli a De\u00e1k Ferenc t\u00e9r k\u00f6z\u00e9ppontja.&nbsp; Rem\u00e9lhet\u0151leg sokan \u00e9lnek majd ezzel a f\u00e9lig komoly-f\u00e9lig j\u00e1t\u00e9kos lehet\u0151s\u00e9ggel kort\u00f3l, nemt\u0151l, m\u0171fajt\u00f3l, hangszert\u0151l f\u00fcggetlen\u00fcl. Mutatkozzanak meg a friss tehets\u00e9gek! Gyere, inspir\u00e1lj m\u00e1st, emelkedj magasra! Kod\u00e1ly Pont. Pont Neked! Meg\u00fajul\u00f3 arculat egy j\u00f3l ismert k\u00f6zegben A kreativit\u00e1s \u00e9s az intellektu\u00e1lis t\u0151ke, mint az els\u0151dleges teremt\u0151 er\u0151k ker\u00fcltek a H\u00edr\u00f6s Ag\u00f3ra f\u00f3kusz\u00e1ba.&nbsp; A j\u00fanius k\u00f6zep\u00e9t\u0151l megindult meg\u00fajul\u00e1si folyamatnak k\u00f6sz\u00f6nhet\u0151en m\u00e1r a Kod\u00e1ly Fesztiv\u00e1l is \u00faj k\u00f6nt\u00f6sben jelenik meg. Ezek a jegyek megmutatkoznak a k\u00fcls\u0151 \u00e9s bels\u0151 kommunik\u00e1ci\u00f3nkban egyar\u00e1nt, az online \u00e9s az offline t\u00e9rben is. Az \u00faj helysz\u00ednek eset\u00e9ben is igyekszik a fesztiv\u00e1l az aktu\u00e1lis vizu\u00e1lis trendekhez illeszkedni. Bizonyos koncertekhez k\u00e9pi attrakci\u00f3kat is t\u00e1rs\u00edt a szervez\u0151 H\u00edr\u00f6s Ag\u00f3ra, \u00fagynevezett \u201eatmoszf\u00e9ra\u201d koncertek form\u00e1j\u00e1ban a Romkert \u00e9s a F\u0151t\u00e9r helysz\u00ednein. Az \u00faj arculat form\u00e1l\u00f3d\u00e1sa mellett a kapcsol\u00f3d\u00f3 terek fizikai k\u00f6rnyezete is \u00e1talakul a fesztiv\u00e1l idej\u00e9re, hiszen e k\u00f6z\u00f6ss\u00e9gi terek funkci\u00f3inak jobb kihaszn\u00e1l\u00e1sa \u00e9rdek\u00e9ben \u00faj t\u00e9rhaszn\u00e1lati elvek \u00e9s friss design\u00f6tletek is meg fognak val\u00f3sulni. Ma m\u00e1r egyre l\u00e9nyegesebb a rendezv\u00e9nyek eset\u00e9ben is a helysz\u00ednek vizu\u00e1lis \u00fczenete, mint a k\u00f6z\u00f6ss\u00e9g\u00e9p\u00edt\u00e9s, valamint a kultur\u00e1lis kommunik\u00e1ci\u00f3 \u00e9s gazdas\u00e1gfejleszt\u00e9s egyik fontos \u00e9s korszer\u0171 eleme.<\/p>\n","protected":false},"author":1,"featured_media":0,"comment_status":"open","ping_status":"closed","sticky":false,"template":"elementor_header_footer","format":"standard","meta":{"footnotes":""},"categories":[1],"tags":[],"class_list":["post-979","post","type-post","status-publish","format-standard","hentry","category-uncategorized"],"_links":{"self":[{"href":"https:\/\/kodaly-muveszeti-fesztival.hu\/index.php?rest_route=\/wp\/v2\/posts\/979","targetHints":{"allow":["GET"]}}],"collection":[{"href":"https:\/\/kodaly-muveszeti-fesztival.hu\/index.php?rest_route=\/wp\/v2\/posts"}],"about":[{"href":"https:\/\/kodaly-muveszeti-fesztival.hu\/index.php?rest_route=\/wp\/v2\/types\/post"}],"author":[{"embeddable":true,"href":"https:\/\/kodaly-muveszeti-fesztival.hu\/index.php?rest_route=\/wp\/v2\/users\/1"}],"replies":[{"embeddable":true,"href":"https:\/\/kodaly-muveszeti-fesztival.hu\/index.php?rest_route=%2Fwp%2Fv2%2Fcomments&post=979"}],"version-history":[{"count":27,"href":"https:\/\/kodaly-muveszeti-fesztival.hu\/index.php?rest_route=\/wp\/v2\/posts\/979\/revisions"}],"predecessor-version":[{"id":1372,"href":"https:\/\/kodaly-muveszeti-fesztival.hu\/index.php?rest_route=\/wp\/v2\/posts\/979\/revisions\/1372"}],"wp:attachment":[{"href":"https:\/\/kodaly-muveszeti-fesztival.hu\/index.php?rest_route=%2Fwp%2Fv2%2Fmedia&parent=979"}],"wp:term":[{"taxonomy":"category","embeddable":true,"href":"https:\/\/kodaly-muveszeti-fesztival.hu\/index.php?rest_route=%2Fwp%2Fv2%2Fcategories&post=979"},{"taxonomy":"post_tag","embeddable":true,"href":"https:\/\/kodaly-muveszeti-fesztival.hu\/index.php?rest_route=%2Fwp%2Fv2%2Ftags&post=979"}],"curies":[{"name":"wp","href":"https:\/\/api.w.org\/{rel}","templated":true}]}}