{"id":2090,"date":"2021-08-02T09:32:37","date_gmt":"2021-08-02T09:32:37","guid":{"rendered":"https:\/\/kodaly-muveszeti-fesztival.hu\/?p=2090"},"modified":"2021-12-14T08:26:29","modified_gmt":"2021-12-14T08:26:29","slug":"zarokoncert","status":"publish","type":"post","link":"https:\/\/kodaly-muveszeti-fesztival.hu\/?p=2090","title":{"rendered":"Z\u00e1r\u00f3koncert"},"content":{"rendered":"\t\t<div data-elementor-type=\"wp-post\" data-elementor-id=\"2090\" class=\"elementor elementor-2090\">\n\t\t\t\t\t\t<section class=\"elementor-section elementor-top-section elementor-element elementor-element-f0ae816 elementor-section-boxed elementor-section-height-default elementor-section-height-default\" data-id=\"f0ae816\" data-element_type=\"section\">\n\t\t\t\t\t\t<div class=\"elementor-container elementor-column-gap-default\">\n\t\t\t\t\t<div class=\"elementor-column elementor-col-50 elementor-top-column elementor-element elementor-element-ab8ec2e\" data-id=\"ab8ec2e\" data-element_type=\"column\" data-settings=\"{&quot;background_background&quot;:&quot;classic&quot;}\">\n\t\t\t<div class=\"elementor-widget-wrap elementor-element-populated\">\n\t\t\t\t\t<div class=\"elementor-background-overlay\"><\/div>\n\t\t\t\t\t\t<div class=\"elementor-element elementor-element-f317b75 elementor-widget elementor-widget-heading\" data-id=\"f317b75\" data-element_type=\"widget\" data-widget_type=\"heading.default\">\n\t\t\t\t<div class=\"elementor-widget-container\">\n\t\t\t\t\t<span class=\"elementor-heading-title elementor-size-default\">Sergei Nakariakov \u00e9s a Kecskem\u00e9ti Szimfonikus Zenekar z\u00e1r\u00f3koncertje<\/span>\t\t\t\t<\/div>\n\t\t\t\t<\/div>\n\t\t\t\t\t<\/div>\n\t\t<\/div>\n\t\t\t\t<div class=\"elementor-column elementor-col-50 elementor-top-column elementor-element elementor-element-af9489e\" data-id=\"af9489e\" data-element_type=\"column\">\n\t\t\t<div class=\"elementor-widget-wrap elementor-element-populated\">\n\t\t\t\t\t\t<div class=\"elementor-element elementor-element-8c5ebda elementor-widget elementor-widget-text-editor\" data-id=\"8c5ebda\" data-element_type=\"widget\" data-widget_type=\"text-editor.default\">\n\t\t\t\t<div class=\"elementor-widget-container\">\n\t\t\t\t\t\t\t\t\t<h5>\u00a0<\/h5><h5>\u00a0<\/h5><h5>Sergei Nakariakov vil\u00e1gh\u00edr\u0171 trombitam\u0171v\u00e9sz \u00e9s a Kecskem\u00e9ti Szimfonikus Zenekar hangversenye z\u00e1rta a kecskem\u00e9ti Nagytemplomban az idei Kod\u00e1ly M\u0171v\u00e9szeti Fesztiv\u00e1lt.<\/h5><p>\u00a0<\/p><p>Megtelt a Nagytemplom \u00e9p\u00fclete p\u00e9ntek este. Mindenki izgatottan v\u00e1rta, majd csod\u00e1lattal hallgatta Sergei Nakariakov trombitam\u0171v\u00e9sz k\u00f6z\u00f6s hangverseny\u00e9t a Kecskem\u00e9ti Szimfonikus Zenekarral, H\u00e1mori M\u00e1t\u00e9 karvezet\u00e9s\u00e9vel.<\/p><p>Az egykor csodagyerekk\u00e9nt indul\u00f3 Sergei Nakariakov 1977. m\u00e1jus 10.-\u00e9n sz\u00fcletett Oroszorsz\u00e1gban. M\u00e1ra a nemzetk\u00f6zi komolyzenei sz\u00ednt\u00e9r meghat\u00e1roz\u00f3 alakj\u00e1v\u00e1 \u00e9rett. Nakariakov zseni\u00e1lis hangszeres adotts\u00e1gai nem ismernek korl\u00e1tokat: az ut\u00f3bbi id\u0151ben mer\u00e9szen \u00e1tt\u00f6rve a trombitareperto\u00e1r hat\u00e1rait a legk\u00fcl\u00f6nb\u00f6z\u0151bb hangszerekre \u00edrott versenym\u0171vek elk\u00e9peszt\u0151 \u00e1tirataival val\u00f3s\u00e1ggal \u00faj fejezetet nyitott instrumentuma irodalm\u00e1ban. A vil\u00e1gh\u00edr\u0171 trombitam\u0171v\u00e9sz az 1990-es \u00e9vek \u00f3ta a vil\u00e1g legnevesebb hangversenytermeiben l\u00e9p sz\u00ednpadra, \u00e9s a Budapesti Tavaszi Fesztiv\u00e1lnak is visszat\u00e9r\u0151 vend\u00e9ge. 2005-ben, 25 \u00e9vesen k\u00e1pr\u00e1ztatta el el\u0151sz\u00f6r a fesztiv\u00e1l k\u00f6z\u00f6ns\u00e9g\u00e9t.<\/p><p>A Zenekar a koncertet Rossini: A tolvaj szarka- nyit\u00e1ny\u00e1val nyitotta. Ezt k\u00f6vet\u0151en a k\u00f6z\u00f6ns\u00e9g megismerkedhetett Sergei Nakariakovval, aki a k\u00f6vetkez\u0151 k\u00e9t m\u0171sorsz\u00e1mot &#8211; Haydn: C-d\u00far csell\u00f3verseny (sz\u00e1rnyk\u00fcrt)<br \/>Arban: Vari\u00e1ci\u00f3k Bellini Norma c\u00edm\u0171 oper\u00e1j\u00e1nak t\u00e9m\u00e1j\u00e1ra (trombita) &#8211; a Zenekarral egy\u00fctt adta el\u0151.<\/p><p>V\u00e9gezet\u00fcl, de nem utols\u00f3 sorban Mozart: C-d\u00far \u201eJupiter\u201d szimf\u00f3ni\u00e1j\u00e1t hallhattuk a Szimfonikusok el\u0151ad\u00e1s\u00e1ban.<\/p><p>A koncertet, \u00e9s Sergei Nakariakovot \u00f3ri\u00e1si ov\u00e1ci\u00f3 fogadta, hatalmas tapsot kaptak a zen\u00e9szek a k\u00f6z\u00f6ns\u00e9gt\u0151l. Rem\u00e9lj\u00fck, m\u00e9g viszont l\u00e1tjuk az orosz-izraeli sz\u00e1rmaz\u00e1s\u00fa m\u0171v\u00e9szt, hogy virtuozit\u00e1s\u00e1val \u00fajra elk\u00e1pr\u00e1ztasson minket.<\/p><p>Ezennel lez\u00e1rult az idei Kod\u00e1ly M\u0171v\u00e9szeti Fesztiv\u00e1l.<\/p>\t\t\t\t\t\t\t\t<\/div>\n\t\t\t\t<\/div>\n\t\t\t\t\t<\/div>\n\t\t<\/div>\n\t\t\t\t\t<\/div>\n\t\t<\/section>\n\t\t\t\t<section class=\"elementor-section elementor-top-section elementor-element elementor-element-12978c5 elementor-section-boxed elementor-section-height-default elementor-section-height-default\" data-id=\"12978c5\" data-element_type=\"section\">\n\t\t\t\t\t\t<div class=\"elementor-container elementor-column-gap-default\">\n\t\t\t\t\t<div class=\"elementor-column elementor-col-100 elementor-top-column elementor-element elementor-element-b901524\" data-id=\"b901524\" data-element_type=\"column\">\n\t\t\t<div class=\"elementor-widget-wrap elementor-element-populated\">\n\t\t\t\t\t\t<section class=\"elementor-section elementor-inner-section elementor-element elementor-element-559e95f elementor-section-boxed elementor-section-height-default elementor-section-height-default\" data-id=\"559e95f\" data-element_type=\"section\">\n\t\t\t\t\t\t<div class=\"elementor-container elementor-column-gap-default\">\n\t\t\t\t\t<div class=\"elementor-column elementor-col-50 elementor-inner-column elementor-element elementor-element-d83cfa6\" data-id=\"d83cfa6\" data-element_type=\"column\">\n\t\t\t<div class=\"elementor-widget-wrap elementor-element-populated\">\n\t\t\t\t\t\t<div class=\"elementor-element elementor-element-267d03c elementor-widget elementor-widget-text-editor\" data-id=\"267d03c\" data-element_type=\"widget\" data-widget_type=\"text-editor.default\">\n\t\t\t\t<div class=\"elementor-widget-container\">\n\t\t\t\t\t\t\t\t\t<p style=\"text-align: left;\">T\u00e1mogat\u00f3nk:<img decoding=\"async\" class=\"alignleft size-full wp-image-2156\" src=\"https:\/\/kodaly-muveszeti-fesztival.hu\/wp-content\/uploads\/2021\/09\/emet_logo.png\" alt=\"\" width=\"225\" height=\"90\" \/><\/p>\t\t\t\t\t\t\t\t<\/div>\n\t\t\t\t<\/div>\n\t\t\t\t<div class=\"elementor-element elementor-element-c2b305f elementor-widget elementor-widget-image\" data-id=\"c2b305f\" data-element_type=\"widget\" data-widget_type=\"image.default\">\n\t\t\t\t<div class=\"elementor-widget-container\">\n\t\t\t\t\t\t\t\t\t\t\t\t\t\t\t\t<a href=\"https:\/\/nka.hu\/\">\n\t\t\t\t\t\t\t<img decoding=\"async\" src=\"https:\/\/kodaly-muveszeti-fesztival.hu\/wp-content\/uploads\/elementor\/thumbs\/NKA_csak_logo_cmyk-p9o2e4qovg21yyjax64p0nicb1ztn1ythmp9jhihaw.jpg\" title=\"NKA_csak_logo_cmyk\" alt=\"NKA_csak_logo_cmyk\" loading=\"lazy\" \/>\t\t\t\t\t\t\t\t<\/a>\n\t\t\t\t\t\t\t\t\t\t\t\t\t\t\t<\/div>\n\t\t\t\t<\/div>\n\t\t\t\t\t<\/div>\n\t\t<\/div>\n\t\t\t\t<div class=\"elementor-column elementor-col-50 elementor-inner-column elementor-element elementor-element-1b107f2\" data-id=\"1b107f2\" data-element_type=\"column\">\n\t\t\t<div class=\"elementor-widget-wrap\">\n\t\t\t\t\t\t\t<\/div>\n\t\t<\/div>\n\t\t\t\t\t<\/div>\n\t\t<\/section>\n\t\t\t\t\t<\/div>\n\t\t<\/div>\n\t\t\t\t\t<\/div>\n\t\t<\/section>\n\t\t\t\t<\/div>\n\t\t","protected":false},"excerpt":{"rendered":"<p>Sergei Nakariakov \u00e9s a Kecskem\u00e9ti Szimfonikus Zenekar z\u00e1r\u00f3koncertje \u00a0 \u00a0 Sergei Nakariakov vil\u00e1gh\u00edr\u0171 trombitam\u0171v\u00e9sz \u00e9s a Kecskem\u00e9ti Szimfonikus Zenekar hangversenye z\u00e1rta a kecskem\u00e9ti Nagytemplomban az idei Kod\u00e1ly M\u0171v\u00e9szeti Fesztiv\u00e1lt. \u00a0 Megtelt a Nagytemplom \u00e9p\u00fclete p\u00e9ntek este. Mindenki izgatottan v\u00e1rta, majd csod\u00e1lattal hallgatta Sergei Nakariakov trombitam\u0171v\u00e9sz k\u00f6z\u00f6s hangverseny\u00e9t a Kecskem\u00e9ti Szimfonikus Zenekarral, H\u00e1mori M\u00e1t\u00e9 karvezet\u00e9s\u00e9vel. Az egykor csodagyerekk\u00e9nt indul\u00f3 Sergei Nakariakov 1977. m\u00e1jus 10.-\u00e9n sz\u00fcletett Oroszorsz\u00e1gban. M\u00e1ra a nemzetk\u00f6zi komolyzenei sz\u00ednt\u00e9r meghat\u00e1roz\u00f3 alakj\u00e1v\u00e1 \u00e9rett. Nakariakov zseni\u00e1lis hangszeres adotts\u00e1gai nem ismernek korl\u00e1tokat: az ut\u00f3bbi id\u0151ben mer\u00e9szen \u00e1tt\u00f6rve a trombitareperto\u00e1r hat\u00e1rait a legk\u00fcl\u00f6nb\u00f6z\u0151bb hangszerekre \u00edrott versenym\u0171vek elk\u00e9peszt\u0151 \u00e1tirataival val\u00f3s\u00e1ggal \u00faj fejezetet nyitott instrumentuma irodalm\u00e1ban. A vil\u00e1gh\u00edr\u0171 trombitam\u0171v\u00e9sz az 1990-es \u00e9vek \u00f3ta a vil\u00e1g legnevesebb hangversenytermeiben l\u00e9p sz\u00ednpadra, \u00e9s a Budapesti Tavaszi Fesztiv\u00e1lnak is visszat\u00e9r\u0151 vend\u00e9ge. 2005-ben, 25 \u00e9vesen k\u00e1pr\u00e1ztatta el el\u0151sz\u00f6r a fesztiv\u00e1l k\u00f6z\u00f6ns\u00e9g\u00e9t. A Zenekar a koncertet Rossini: A tolvaj szarka- nyit\u00e1ny\u00e1val nyitotta. Ezt k\u00f6vet\u0151en a k\u00f6z\u00f6ns\u00e9g megismerkedhetett Sergei Nakariakovval, aki a k\u00f6vetkez\u0151 k\u00e9t m\u0171sorsz\u00e1mot &#8211; Haydn: C-d\u00far csell\u00f3verseny (sz\u00e1rnyk\u00fcrt)Arban: Vari\u00e1ci\u00f3k Bellini Norma c\u00edm\u0171 oper\u00e1j\u00e1nak t\u00e9m\u00e1j\u00e1ra (trombita) &#8211; a Zenekarral egy\u00fctt adta el\u0151. V\u00e9gezet\u00fcl, de nem utols\u00f3 sorban Mozart: C-d\u00far \u201eJupiter\u201d szimf\u00f3ni\u00e1j\u00e1t hallhattuk a Szimfonikusok el\u0151ad\u00e1s\u00e1ban. A koncertet, \u00e9s Sergei Nakariakovot \u00f3ri\u00e1si ov\u00e1ci\u00f3 fogadta, hatalmas tapsot kaptak a zen\u00e9szek a k\u00f6z\u00f6ns\u00e9gt\u0151l. Rem\u00e9lj\u00fck, m\u00e9g viszont l\u00e1tjuk az orosz-izraeli sz\u00e1rmaz\u00e1s\u00fa m\u0171v\u00e9szt, hogy virtuozit\u00e1s\u00e1val \u00fajra elk\u00e1pr\u00e1ztasson minket. Ezennel lez\u00e1rult az idei Kod\u00e1ly M\u0171v\u00e9szeti Fesztiv\u00e1l. T\u00e1mogat\u00f3nk:<\/p>\n","protected":false},"author":1,"featured_media":0,"comment_status":"open","ping_status":"closed","sticky":false,"template":"","format":"standard","meta":{"footnotes":""},"categories":[1],"tags":[],"class_list":["post-2090","post","type-post","status-publish","format-standard","hentry","category-uncategorized"],"_links":{"self":[{"href":"https:\/\/kodaly-muveszeti-fesztival.hu\/index.php?rest_route=\/wp\/v2\/posts\/2090","targetHints":{"allow":["GET"]}}],"collection":[{"href":"https:\/\/kodaly-muveszeti-fesztival.hu\/index.php?rest_route=\/wp\/v2\/posts"}],"about":[{"href":"https:\/\/kodaly-muveszeti-fesztival.hu\/index.php?rest_route=\/wp\/v2\/types\/post"}],"author":[{"embeddable":true,"href":"https:\/\/kodaly-muveszeti-fesztival.hu\/index.php?rest_route=\/wp\/v2\/users\/1"}],"replies":[{"embeddable":true,"href":"https:\/\/kodaly-muveszeti-fesztival.hu\/index.php?rest_route=%2Fwp%2Fv2%2Fcomments&post=2090"}],"version-history":[{"count":19,"href":"https:\/\/kodaly-muveszeti-fesztival.hu\/index.php?rest_route=\/wp\/v2\/posts\/2090\/revisions"}],"predecessor-version":[{"id":2186,"href":"https:\/\/kodaly-muveszeti-fesztival.hu\/index.php?rest_route=\/wp\/v2\/posts\/2090\/revisions\/2186"}],"wp:attachment":[{"href":"https:\/\/kodaly-muveszeti-fesztival.hu\/index.php?rest_route=%2Fwp%2Fv2%2Fmedia&parent=2090"}],"wp:term":[{"taxonomy":"category","embeddable":true,"href":"https:\/\/kodaly-muveszeti-fesztival.hu\/index.php?rest_route=%2Fwp%2Fv2%2Fcategories&post=2090"},{"taxonomy":"post_tag","embeddable":true,"href":"https:\/\/kodaly-muveszeti-fesztival.hu\/index.php?rest_route=%2Fwp%2Fv2%2Ftags&post=2090"}],"curies":[{"name":"wp","href":"https:\/\/api.w.org\/{rel}","templated":true}]}}