{"id":1966,"date":"2021-07-30T07:59:33","date_gmt":"2021-07-30T07:59:33","guid":{"rendered":"https:\/\/kodaly-muveszeti-fesztival.hu\/?p=1966"},"modified":"2021-07-30T10:49:15","modified_gmt":"2021-07-30T10:49:15","slug":"mennyek-kiralyneja","status":"publish","type":"post","link":"https:\/\/kodaly-muveszeti-fesztival.hu\/?p=1966","title":{"rendered":"Mennyek kir\u00e1lyn\u00e9ja"},"content":{"rendered":"\t\t<div data-elementor-type=\"wp-post\" data-elementor-id=\"1966\" class=\"elementor elementor-1966\">\n\t\t\t\t\t\t<section class=\"elementor-section elementor-top-section elementor-element elementor-element-bc08cc6 elementor-section-boxed elementor-section-height-default elementor-section-height-default\" data-id=\"bc08cc6\" data-element_type=\"section\">\n\t\t\t\t\t\t<div class=\"elementor-container elementor-column-gap-default\">\n\t\t\t\t\t<div class=\"elementor-column elementor-col-50 elementor-top-column elementor-element elementor-element-016956a\" data-id=\"016956a\" data-element_type=\"column\" data-settings=\"{&quot;background_background&quot;:&quot;classic&quot;}\">\n\t\t\t<div class=\"elementor-widget-wrap elementor-element-populated\">\n\t\t\t\t\t<div class=\"elementor-background-overlay\"><\/div>\n\t\t\t\t\t\t<div class=\"elementor-element elementor-element-9071185 elementor-widget elementor-widget-heading\" data-id=\"9071185\" data-element_type=\"widget\" data-widget_type=\"heading.default\">\n\t\t\t\t<div class=\"elementor-widget-container\">\n\t\t\t\t\t<span class=\"elementor-heading-title elementor-size-default\">Mennyek kir\u00e1lyn\u00e9ja - amikor a k\u00e9t vil\u00e1g tal\u00e1lkozik<\/span>\t\t\t\t<\/div>\n\t\t\t\t<\/div>\n\t\t\t\t\t<\/div>\n\t\t<\/div>\n\t\t\t\t<div class=\"elementor-column elementor-col-50 elementor-top-column elementor-element elementor-element-2b3d477\" data-id=\"2b3d477\" data-element_type=\"column\">\n\t\t\t<div class=\"elementor-widget-wrap elementor-element-populated\">\n\t\t\t\t\t\t<div class=\"elementor-element elementor-element-5d9ed7c elementor-widget elementor-widget-text-editor\" data-id=\"5d9ed7c\" data-element_type=\"widget\" data-widget_type=\"text-editor.default\">\n\t\t\t\t<div class=\"elementor-widget-container\">\n\t\t\t\t\t\t\t\t\t<h5>\u00a0<\/h5><h5>\u00a0<\/h5><h5>\u00dajabb var\u00e1zslatos koncertet hallhattunk az Evang\u00e9likus templomban, a Mennyek kir\u00e1lyn\u00e9ja Mali Katalin orgonaj\u00e1t\u00e9k\u00e1n \u00e9s Navratil Andrea \u00e9nek\u00e9n kereszt\u00fcl elevenedett meg.<\/h5><p>\u00a0<\/p><p>A Magyarok Nagyasszonya tisztelet\u00e9re rendezett k\u00fcl\u00f6nleges koncertprogramon magyar n\u00e9pdalok \u00e9s egyh\u00e1zi n\u00e9p\u00e9nekek, valamint gregori\u00e1n, k\u00f6z\u00e9pkori, renesz\u00e1nsz \u00e9s barokk egyh\u00e1zzenei t\u00e9telek hangzanak el a k\u00e9t m\u0171v\u00e9sz finom \u00f6sszhangj\u00e1ban.<\/p><p>A k\u00e9t m\u0171v\u00e9szn\u0151 \u00e9vek \u00f3ta szoros bar\u00e1ts\u00e1got \u00e1pol, melynek alapja a k\u00f6z\u00f6s \u00e9rt\u00e9krendszer, a zene \u00e9s term\u00e9szet szeretete, a r\u00e9gizen\u00e9hez, a n\u00e9pzen\u00e9hez, egyh\u00e1zzen\u00e9hez val\u00f3 vonz\u00f3d\u00e1s. K\u00f6z\u00f6s produkci\u00f3jukban \u00f6tv\u00f6zik ezeket az m\u0171fajokat, keresik ezek k\u00f6z\u00f6s forr\u00e1s\u00e1t \u2013 ez\u00e1ltal az egyh\u00e1zzene \u00e9s a n\u00e9pdalok k\u00fcl\u00f6n\u00f6s kompoz\u00edci\u00f3j\u00e1t alak\u00edtott\u00e1k ki.<\/p><p>Mali Katalin barokk zeneszerz\u0151k, mint Buxtehude, Frescobaldi, Froberger, Pachelbel m\u0171veit sz\u00f3laltatta meg orgon\u00e1n, Navratil Andrea M\u00e1ria-\u00e9nekeket, cs\u00e1ng\u00f3 magyar dallamokat, \u0151si himnuszokat \u00e9nekelt.<\/p>\t\t\t\t\t\t\t\t<\/div>\n\t\t\t\t<\/div>\n\t\t\t\t\t<\/div>\n\t\t<\/div>\n\t\t\t\t\t<\/div>\n\t\t<\/section>\n\t\t\t\t<\/div>\n\t\t","protected":false},"excerpt":{"rendered":"<p>Mennyek kir\u00e1lyn\u00e9ja &#8211; amikor a k\u00e9t vil\u00e1g tal\u00e1lkozik \u00a0 \u00a0 \u00dajabb var\u00e1zslatos koncertet hallhattunk az Evang\u00e9likus templomban, a Mennyek kir\u00e1lyn\u00e9ja Mali Katalin orgonaj\u00e1t\u00e9k\u00e1n \u00e9s Navratil Andrea \u00e9nek\u00e9n kereszt\u00fcl elevenedett meg. \u00a0 A Magyarok Nagyasszonya tisztelet\u00e9re rendezett k\u00fcl\u00f6nleges koncertprogramon magyar n\u00e9pdalok \u00e9s egyh\u00e1zi n\u00e9p\u00e9nekek, valamint gregori\u00e1n, k\u00f6z\u00e9pkori, renesz\u00e1nsz \u00e9s barokk egyh\u00e1zzenei t\u00e9telek hangzanak el a k\u00e9t m\u0171v\u00e9sz finom \u00f6sszhangj\u00e1ban. A k\u00e9t m\u0171v\u00e9szn\u0151 \u00e9vek \u00f3ta szoros bar\u00e1ts\u00e1got \u00e1pol, melynek alapja a k\u00f6z\u00f6s \u00e9rt\u00e9krendszer, a zene \u00e9s term\u00e9szet szeretete, a r\u00e9gizen\u00e9hez, a n\u00e9pzen\u00e9hez, egyh\u00e1zzen\u00e9hez val\u00f3 vonz\u00f3d\u00e1s. K\u00f6z\u00f6s produkci\u00f3jukban \u00f6tv\u00f6zik ezeket az m\u0171fajokat, keresik ezek k\u00f6z\u00f6s forr\u00e1s\u00e1t \u2013 ez\u00e1ltal az egyh\u00e1zzene \u00e9s a n\u00e9pdalok k\u00fcl\u00f6n\u00f6s kompoz\u00edci\u00f3j\u00e1t alak\u00edtott\u00e1k ki. Mali Katalin barokk zeneszerz\u0151k, mint Buxtehude, Frescobaldi, Froberger, Pachelbel m\u0171veit sz\u00f3laltatta meg orgon\u00e1n, Navratil Andrea M\u00e1ria-\u00e9nekeket, cs\u00e1ng\u00f3 magyar dallamokat, \u0151si himnuszokat \u00e9nekelt.<\/p>\n","protected":false},"author":1,"featured_media":0,"comment_status":"open","ping_status":"closed","sticky":false,"template":"","format":"standard","meta":{"footnotes":""},"categories":[1],"tags":[],"class_list":["post-1966","post","type-post","status-publish","format-standard","hentry","category-uncategorized"],"_links":{"self":[{"href":"https:\/\/kodaly-muveszeti-fesztival.hu\/index.php?rest_route=\/wp\/v2\/posts\/1966","targetHints":{"allow":["GET"]}}],"collection":[{"href":"https:\/\/kodaly-muveszeti-fesztival.hu\/index.php?rest_route=\/wp\/v2\/posts"}],"about":[{"href":"https:\/\/kodaly-muveszeti-fesztival.hu\/index.php?rest_route=\/wp\/v2\/types\/post"}],"author":[{"embeddable":true,"href":"https:\/\/kodaly-muveszeti-fesztival.hu\/index.php?rest_route=\/wp\/v2\/users\/1"}],"replies":[{"embeddable":true,"href":"https:\/\/kodaly-muveszeti-fesztival.hu\/index.php?rest_route=%2Fwp%2Fv2%2Fcomments&post=1966"}],"version-history":[{"count":13,"href":"https:\/\/kodaly-muveszeti-fesztival.hu\/index.php?rest_route=\/wp\/v2\/posts\/1966\/revisions"}],"predecessor-version":[{"id":1998,"href":"https:\/\/kodaly-muveszeti-fesztival.hu\/index.php?rest_route=\/wp\/v2\/posts\/1966\/revisions\/1998"}],"wp:attachment":[{"href":"https:\/\/kodaly-muveszeti-fesztival.hu\/index.php?rest_route=%2Fwp%2Fv2%2Fmedia&parent=1966"}],"wp:term":[{"taxonomy":"category","embeddable":true,"href":"https:\/\/kodaly-muveszeti-fesztival.hu\/index.php?rest_route=%2Fwp%2Fv2%2Fcategories&post=1966"},{"taxonomy":"post_tag","embeddable":true,"href":"https:\/\/kodaly-muveszeti-fesztival.hu\/index.php?rest_route=%2Fwp%2Fv2%2Ftags&post=1966"}],"curies":[{"name":"wp","href":"https:\/\/api.w.org\/{rel}","templated":true}]}}