{"id":1950,"date":"2021-07-29T14:21:48","date_gmt":"2021-07-29T14:21:48","guid":{"rendered":"https:\/\/kodaly-muveszeti-fesztival.hu\/?p=1950"},"modified":"2021-07-29T14:22:40","modified_gmt":"2021-07-29T14:22:40","slug":"kodaly-fesztival-2019","status":"publish","type":"post","link":"https:\/\/kodaly-muveszeti-fesztival.hu\/?p=1950","title":{"rendered":"Kod\u00e1ly Fesztiv\u00e1l 2019"},"content":{"rendered":"\t\t<div data-elementor-type=\"wp-post\" data-elementor-id=\"1950\" class=\"elementor elementor-1950\">\n\t\t\t\t\t\t<section class=\"elementor-section elementor-top-section elementor-element elementor-element-0d4d4a2 elementor-section-boxed elementor-section-height-default elementor-section-height-default\" data-id=\"0d4d4a2\" data-element_type=\"section\">\n\t\t\t\t\t\t<div class=\"elementor-container elementor-column-gap-default\">\n\t\t\t\t\t<div class=\"elementor-column elementor-col-100 elementor-top-column elementor-element elementor-element-3b9bb6d\" data-id=\"3b9bb6d\" data-element_type=\"column\">\n\t\t\t<div class=\"elementor-widget-wrap elementor-element-populated\">\n\t\t\t\t\t\t<section class=\"elementor-section elementor-inner-section elementor-element elementor-element-f3955b8 elementor-section-boxed elementor-section-height-default elementor-section-height-default\" data-id=\"f3955b8\" data-element_type=\"section\">\n\t\t\t\t\t\t<div class=\"elementor-container elementor-column-gap-default\">\n\t\t\t\t\t<div class=\"elementor-column elementor-col-100 elementor-inner-column elementor-element elementor-element-262dd7d\" data-id=\"262dd7d\" data-element_type=\"column\">\n\t\t\t<div class=\"elementor-widget-wrap elementor-element-populated\">\n\t\t\t\t\t\t<div class=\"elementor-element elementor-element-be313a8 elementor-widget elementor-widget-text-editor\" data-id=\"be313a8\" data-element_type=\"widget\" data-widget_type=\"text-editor.default\">\n\t\t\t\t<div class=\"elementor-widget-container\">\n\t\t\t\t\t\t\t\t\t<h3><strong>Kod\u00e1ly M\u0171v\u00e9szeti Fesztiv\u00e1l 2019<\/strong><\/h3><p><strong>Koncertek a v\u00e1ros emblematikus \u00e9p\u00fcleteiben, udvaraiban, terein<\/strong><\/p><p><strong>J\u00falius 15. h\u00e9tf\u0151 20 \u00f3ra<\/strong><br \/>Helysz\u00edn: H\u00edr\u00f6s Ag\u00f3ra Kultur\u00e1lis K\u00f6zpont,<br \/>Kecskem\u00e9t, De\u00e1k Ferenc t\u00e9r 1.<br \/><strong>A KECSKEM\u00c9TI SZIMFONIKUS ZENEKAR NYIT\u00d3KONCERTJE<\/strong><br \/>K\u00f6zrem\u0171k\u00f6dik: Szabadi Vilmos \u00e9s Lakatos Gy\u00f6rgy<br \/>Vez\u00e9nyel: Bog\u00e1nyi Tibor<br \/><strong>Bel\u00e9p\u0151d\u00edj:<\/strong>\u00a03.000 Ft, Kecskem\u00e9t k\u00e1rtya, di\u00e1k, nyugd\u00edjas: 2.000 Ft<\/p><p><strong>J\u00falius 16. kedd 20 \u00f3ra<\/strong><br \/>Helysz\u00edn: Reform\u00e1tus \u00dajkoll\u00e9gium d\u00edszterme,<br \/>Kecskem\u00e9t, Szabads\u00e1g t\u00e9r 7.<br \/><strong>ZHANG ZHANG (K\u00edna) \u00c9NEKESN\u0150 KONCERTJE<\/strong><br \/><strong>Zongor\u00e1n k\u00eds\u00e9r: Qin Yu (K\u00edna)<\/strong><br \/>A Selyem\u00faton Eur\u00f3p\u00e1ba<br \/><strong>Bel\u00e9p\u0151d\u00edj:<\/strong>\u00a02.000 Ft, Kecskem\u00e9t k\u00e1rtya, di\u00e1k, nyugd\u00edjas: 1.000 Ft<\/p><p><strong>J\u00falius 17. szerda 20 \u00f3ra<\/strong><br \/>Helysz\u00edn: Tudom\u00e1ny \u00e9s M\u0171v\u00e9szetek H\u00e1za (Zsinag\u00f3ga)<br \/>Kecskem\u00e9t, R\u00e1k\u00f3czi \u00fat 2.<br \/><strong>\u201cZENG\u0150 TEREK, MES\u00c9L\u0150 FALAK\u201d<\/strong><br \/><strong>Az Ars Nova \u00c9nekegy\u00fcttes hangversenye<\/strong><br \/>vez\u00e9nyel: Kiss Katalin<br \/><strong>Bel\u00e9p\u0151d\u00edj:<\/strong>\u00a03.000 Ft, Kecskem\u00e9t k\u00e1rtya, di\u00e1k, nyugd\u00edjas: 2.500 Ft<\/p><p><strong>J\u00falius 18. cs\u00fct\u00f6rt\u00f6k 20 \u00f3ra<\/strong><br \/>Helysz\u00edn: H\u00edr\u00f6s Ag\u00f3ra Ifj\u00fas\u00e1gi Otthon udvara<br \/>Kecskem\u00e9t, Kossuth t\u00e9r 4.<br \/><strong>&#8222;KOD\u00c1LY MINDENKI\u00c9&#8221; &#8211; FILMVET\u00cdT\u00c9S<\/strong><br \/>Bel\u00e9p\u0151d\u00edj: 500 Ft<\/p><p><strong>J\u00falius 19. p\u00e9ntek 20 \u00f3ra<\/strong><br \/>Helysz\u00edn: Piarista templom<br \/>Kecskem\u00e9t, J\u00f3kai utca 1.<br \/><strong>VOIX DE VIVRE (Anglia) \u00c9NEKKAR KONCERTJE<\/strong><br \/>karnagy: Neil MacKenzie<br \/><strong>Bel\u00e9p\u0151d\u00edj:<\/strong>\u00a02.000 Ft, Kecskem\u00e9t k\u00e1rtya, di\u00e1k, nyugd\u00edjas: 1.000 Ft<\/p><p><strong>J\u00falius 21. vas\u00e1rnap 20 \u00f3ra<\/strong><br \/>Helysz\u00edn: H\u00edr\u00f6s Ag\u00f3ra Kultur\u00e1lis K\u00f6zpont<br \/>Kecskem\u00e9t, De\u00e1k Ferenc t\u00e9r 1.<br \/><strong>L\u00c9LEKMAD\u00c1R &#8211; t\u00e1ncsz\u00ednh\u00e1zi el\u0151ad\u00e1s k\u00e9t r\u00e9szben a Badora T\u00e1rsulat el\u0151ad\u00e1s\u00e1ban<\/strong><br \/><strong>Bel\u00e9p\u0151d\u00edj:<\/strong>\u00a03.000 Ft, Kecskem\u00e9t k\u00e1rtya, di\u00e1k, nyugd\u00edjas: 2.000 Ft<\/p><p><strong>J\u00falius 22. h\u00e9tf\u0151 20 \u00f3ra<\/strong><br \/>Helysz\u00edn: H\u00edr\u00f6s Ag\u00f3ra Kultur\u00e1lis K\u00f6zpont<br \/>Kecskem\u00e9t, De\u00e1k Ferenc t\u00e9r 1.<br \/><strong>\u201e \u2026 \u00c9S ECHO\u201d &#8211; egyfelvon\u00e1sos b\u00e1bopera<\/strong><br \/>B.T\u00f6r\u00f6k Fruzsina \u201eKereszt\u201d c\u00edm\u0171 m\u0171ve alapj\u00e1n \u00edr\u00f3dott<br \/>Libretto: Vizin Vikt\u00f3ria \u00e9s Gergye Kriszti\u00e1n<br \/>Zeneszerz\u0151: Zombola P\u00e9ter<br \/>Rendez\u0151, koreogr\u00e1fus: Gergye Kriszti\u00e1n<br \/><strong>Bel\u00e9p\u0151d\u00edj:<\/strong>\u00a03.000 Kecskem\u00e9t k\u00e1rtya, di\u00e1k, nyugd\u00edjas: 2.000 Ft<\/p><p><a href=\"https:\/\/youtu.be\/rsSIyLq2Jzw\">https:\/\/youtu.be\/rsSIyLq2Jzw<\/a><\/p><p><strong>J\u00falius 24. szerda 17.30 \u00f3ra<\/strong><br \/>Helysz\u00edn: Ifj\u00fas\u00e1gi Otthon udvara<br \/>Kecskem\u00e9t, Kossuth t\u00e9r 4.<br \/><strong>A SZ\u00c9LKI\u00c1LLT\u00d3 EGY\u00dcTTES GYERMEK M\u0170SORA<\/strong><br \/>BUKFENC c\u00edmmel<br \/><strong>Bel\u00e9p\u0151d\u00edj:<\/strong>\u00a01.000 Ft gyerekeknek, 1.500 Ft feln\u0151tteknek<\/p><p><strong>J\u00falius 24. szerda 20 \u00f3ra<\/strong><br \/>Helysz\u00edn: Piarista Templom<br \/>Kecskem\u00e9t, J\u00f3kai utca 1.<br \/><strong>NEMZETI IFJ\u00daS\u00c1GI K\u00d3RUS HANGVERSENYE<\/strong><br \/>Vez\u00e9nyel: Erdei P\u00e9ter \u00e9s Nemes L\u00e1szl\u00f3 Norbert<br \/><strong>Bel\u00e9p\u0151d\u00edj:<\/strong>\u00a02.000 Ft, Kecskem\u00e9t k\u00e1rtya, di\u00e1k, nyugd\u00edjas: 1.000 Ft<\/p><p><strong>J\u00falius 25. cs\u00fct\u00f6rt\u00f6k 20 \u00f3ra<\/strong><br \/><strong>Helysz\u00ednv\u00e1ltoz\u00e1s!<\/strong>\u00a0A program a Reform\u00e1tus \u00dajkoll\u00e9gium helyett a Kultur\u00e1lis K\u00f6zpontban val\u00f3sul meg.<br \/>Helysz\u00edn: H\u00edr\u00f6s Ag\u00f3ra Kultur\u00e1lis K\u00f6zpont<br \/>Kecskem\u00e9t, De\u00e1k Ferenc t\u00e9r 1.<br \/><strong>R\u00c1NKI F\u00dcL\u00d6P ZONGORAESTJE<\/strong><br \/><strong>Bel\u00e9p\u0151d\u00edj:<\/strong>\u00a03.000 Ft, Kecskem\u00e9t k\u00e1rtya, di\u00e1k, nyugd\u00edjas: 2.000 Ft<\/p><p><strong>J\u00falius 26. p\u00e9ntek 20 \u00f3ra<\/strong><br \/>Helysz\u00edn: Kecskem\u00e9ti Nagytemplom<br \/>Kecskem\u00e9t, Kossuth t\u00e9r 2.<br \/><strong>A KECSKEM\u00c9TI SZIMFONIKUS ZENEKAR \u00c9S A KOD\u00c1LY SZEMIN\u00c1RIUM K\u00d3RUS\u00c1NAK FESZTIV\u00c1LZ\u00c1R\u00d3 HANGVERSENYE<\/strong><br \/>Vez\u00e9nyel: Erdei P\u00e9ter<br \/>Sz\u00f3l\u00f3t \u00e9nekel: Brickner Szabolcs<br \/>Kod\u00e1ly Zolt\u00e1n: Psalmus Hungaricus<br \/>P\u00e1va vari\u00e1ci\u00f3k<br \/><strong>Bel\u00e9p\u0151d\u00edj:<\/strong>\u00a02.500 Ft, Kecskem\u00e9t k\u00e1rtya, di\u00e1k, nyugd\u00edjas: 2.000 Ft<\/p><p><strong>J\u00falius 16-augusztus 15.<\/strong><br \/>Helysz\u00edn: H\u00edr\u00f6s Ag\u00f3ra Kultur\u00e1lis K\u00f6zpont<br \/>Kecskem\u00e9t, De\u00e1k Ferenc t\u00e9r 1.<br \/><strong>&#8222;K\u00c9PBE \u00cdRT MES\u00c9K&#8221;<\/strong><br \/><strong>dr. Gombk\u00f6t\u0151n\u00e9 T\u00f3th Ilona ki\u00e1ll\u00edt\u00e1sa<\/strong><\/p><p><strong>T\u00c9RZEN\u00c9K:<\/strong><br \/>A fesztiv\u00e1l ideje alatt 19.15 \u00f3rai kezdettel a koncertek az Eml\u00e9kt\u00e1r t\u00e9ren.<br \/><strong>J\u00falius 15.<\/strong>\u00a0Kod\u00e1ly iskola \u00fct\u0151egy\u00fcttese<br \/><strong>J\u00falius 16.<\/strong>\u00a0K\u00e1llai Anett (fuvola) \u00e9s Rusk\u00f3 R\u00f3bert (klarin\u00e9t) du\u00f3ja<br \/><strong>J\u00falius 17.<\/strong>\u00a0Novum Kamarazenekar<br \/><strong>J\u00falius 19.<\/strong>\u00a0Laviola R\u00e9gi Zenei Egy\u00fcttes<br \/><strong>J\u00falius 21.<\/strong>\u00a0Sipos Gerg\u0151 (csello) \u00e9s Pulius Emese (fuvola) du\u00f3ja<br \/><strong>J\u00falius 22.<\/strong>\u00a0Cs\u00edk J\u00e1nos \u00e9s a Mezzo<br \/><strong>J\u00falius 24.<\/strong>\u00a0Vadas L\u00e1szl\u00f3 \u2013 Cs\u00fcll\u00f6g Edina bar\u00e1tai n\u00e9pzenei koncertje<br \/><strong>J\u00falius 25.<\/strong>\u00a0Kecskem\u00e9t Brass<br \/><strong>J\u00falius 26.<\/strong>\u00a0Uhrj\u00e1k D\u00f3ra \u00e9s Lei Oliv\u00e9r heged\u0171 du\u00f3ja<\/p><ol start=\"2019\"><li><strong> j\u00falius 15 \u2013 26.<\/strong><br \/><strong>30. NEMZETK\u00d6ZI KOD\u00c1LY SZEMIN\u00c1RIUM<\/strong><br \/>ZENEPEDAG\u00d3GIAI KURZUS<br \/>SZ\u00d3L\u00d3 \u00c9NEKMESTER KURZUS \u00c9NEKESEK, K\u00d3RUS\u00c9NEKESEK \u00c9S MAG\u00c1N\u00c9NEK TAN\u00c1ROK SZ\u00c1M\u00c1RA<br \/>KREAT\u00cdV ZONGORAPEDAG\u00d3GIAI KURZUS \u2013 \u2019ZENEZEN\u2019<br \/>A kurzus vezet\u0151i: Nov\u00e1k Anik\u00f3 \u00e9s K\u00f6rtv\u00e9si Katalin<br \/>NEMZETI IFJ\u00daS\u00c1GI K\u00d3RUS<\/li><\/ol><p><strong>Jegyek kaphat\u00f3k a H\u00edr\u00f6s Ag\u00f3ra jegyp\u00e9nzt\u00e1raiban:<\/strong><br \/>&#8211; H\u00edr\u00f6s Ag\u00f3ra Kultur\u00e1lis K\u00f6zpont , De\u00e1k Ferenc t\u00e9r 1. munkanapokon 14-19 \u00f3ra k\u00f6z\u00f6tt<br \/>&#8211; H\u00edr\u00f6s Ag\u00f3ra Ifj\u00fas\u00e1gi Otthon, Kossuth t\u00e9r 4. munkanapokon 10-13 \u00e9s 14-17 \u00f3ra k\u00f6z\u00f6tt.<\/p><p>\u00a0<\/p><p>Hallgass\u00e1tok meg L\u00e1bas Viki, a Margaret Island \u00e9nekesn\u0151j\u00e9nek \u00fczenet\u00e9t, mit jelentett sz\u00e1mukra az \u00d6r\u00f6m a Zene tehets\u00e9gkutat\u00f3 programja!<\/p>\t\t\t\t\t\t\t\t<\/div>\n\t\t\t\t<\/div>\n\t\t\t\t\t<\/div>\n\t\t<\/div>\n\t\t\t\t\t<\/div>\n\t\t<\/section>\n\t\t\t\t\t<\/div>\n\t\t<\/div>\n\t\t\t\t\t<\/div>\n\t\t<\/section>\n\t\t\t\t<\/div>\n\t\t","protected":false},"excerpt":{"rendered":"<p>Kod\u00e1ly M\u0171v\u00e9szeti Fesztiv\u00e1l 2019 Koncertek a v\u00e1ros emblematikus \u00e9p\u00fcleteiben, udvaraiban, terein J\u00falius 15. h\u00e9tf\u0151 20 \u00f3raHelysz\u00edn: H\u00edr\u00f6s Ag\u00f3ra Kultur\u00e1lis K\u00f6zpont,Kecskem\u00e9t, De\u00e1k Ferenc t\u00e9r 1.A KECSKEM\u00c9TI SZIMFONIKUS ZENEKAR NYIT\u00d3KONCERTJEK\u00f6zrem\u0171k\u00f6dik: Szabadi Vilmos \u00e9s Lakatos Gy\u00f6rgyVez\u00e9nyel: Bog\u00e1nyi TiborBel\u00e9p\u0151d\u00edj:\u00a03.000 Ft, Kecskem\u00e9t k\u00e1rtya, di\u00e1k, nyugd\u00edjas: 2.000 Ft J\u00falius 16. kedd 20 \u00f3raHelysz\u00edn: Reform\u00e1tus \u00dajkoll\u00e9gium d\u00edszterme,Kecskem\u00e9t, Szabads\u00e1g t\u00e9r 7.ZHANG ZHANG (K\u00edna) \u00c9NEKESN\u0150 KONCERTJEZongor\u00e1n k\u00eds\u00e9r: Qin Yu (K\u00edna)A Selyem\u00faton Eur\u00f3p\u00e1baBel\u00e9p\u0151d\u00edj:\u00a02.000 Ft, Kecskem\u00e9t k\u00e1rtya, di\u00e1k, nyugd\u00edjas: 1.000 Ft J\u00falius 17. szerda 20 \u00f3raHelysz\u00edn: Tudom\u00e1ny \u00e9s M\u0171v\u00e9szetek H\u00e1za (Zsinag\u00f3ga)Kecskem\u00e9t, R\u00e1k\u00f3czi \u00fat 2.\u201cZENG\u0150 TEREK, MES\u00c9L\u0150 FALAK\u201dAz Ars Nova \u00c9nekegy\u00fcttes hangversenyevez\u00e9nyel: Kiss KatalinBel\u00e9p\u0151d\u00edj:\u00a03.000 Ft, Kecskem\u00e9t k\u00e1rtya, di\u00e1k, nyugd\u00edjas: 2.500 Ft J\u00falius 18. cs\u00fct\u00f6rt\u00f6k 20 \u00f3raHelysz\u00edn: H\u00edr\u00f6s Ag\u00f3ra Ifj\u00fas\u00e1gi Otthon udvaraKecskem\u00e9t, Kossuth t\u00e9r 4.&#8222;KOD\u00c1LY MINDENKI\u00c9&#8221; &#8211; FILMVET\u00cdT\u00c9SBel\u00e9p\u0151d\u00edj: 500 Ft J\u00falius 19. p\u00e9ntek 20 \u00f3raHelysz\u00edn: Piarista templomKecskem\u00e9t, J\u00f3kai utca 1.VOIX DE VIVRE (Anglia) \u00c9NEKKAR KONCERTJEkarnagy: Neil MacKenzieBel\u00e9p\u0151d\u00edj:\u00a02.000 Ft, Kecskem\u00e9t k\u00e1rtya, di\u00e1k, nyugd\u00edjas: 1.000 Ft J\u00falius 21. vas\u00e1rnap 20 \u00f3raHelysz\u00edn: H\u00edr\u00f6s Ag\u00f3ra Kultur\u00e1lis K\u00f6zpontKecskem\u00e9t, De\u00e1k Ferenc t\u00e9r 1.L\u00c9LEKMAD\u00c1R &#8211; t\u00e1ncsz\u00ednh\u00e1zi el\u0151ad\u00e1s k\u00e9t r\u00e9szben a Badora T\u00e1rsulat el\u0151ad\u00e1s\u00e1banBel\u00e9p\u0151d\u00edj:\u00a03.000 Ft, Kecskem\u00e9t k\u00e1rtya, di\u00e1k, nyugd\u00edjas: 2.000 Ft J\u00falius 22. h\u00e9tf\u0151 20 \u00f3raHelysz\u00edn: H\u00edr\u00f6s Ag\u00f3ra Kultur\u00e1lis K\u00f6zpontKecskem\u00e9t, De\u00e1k Ferenc t\u00e9r 1.\u201e \u2026 \u00c9S ECHO\u201d &#8211; egyfelvon\u00e1sos b\u00e1boperaB.T\u00f6r\u00f6k Fruzsina \u201eKereszt\u201d c\u00edm\u0171 m\u0171ve alapj\u00e1n \u00edr\u00f3dottLibretto: Vizin Vikt\u00f3ria \u00e9s Gergye Kriszti\u00e1nZeneszerz\u0151: Zombola P\u00e9terRendez\u0151, koreogr\u00e1fus: Gergye Kriszti\u00e1nBel\u00e9p\u0151d\u00edj:\u00a03.000 Kecskem\u00e9t k\u00e1rtya, di\u00e1k, nyugd\u00edjas: 2.000 Ft https:\/\/youtu.be\/rsSIyLq2Jzw J\u00falius 24. szerda 17.30 \u00f3raHelysz\u00edn: Ifj\u00fas\u00e1gi Otthon udvaraKecskem\u00e9t, Kossuth t\u00e9r 4.A SZ\u00c9LKI\u00c1LLT\u00d3 EGY\u00dcTTES GYERMEK M\u0170SORABUKFENC c\u00edmmelBel\u00e9p\u0151d\u00edj:\u00a01.000 Ft gyerekeknek, 1.500 Ft feln\u0151tteknek J\u00falius 24. szerda 20 \u00f3raHelysz\u00edn: Piarista TemplomKecskem\u00e9t, J\u00f3kai utca 1.NEMZETI IFJ\u00daS\u00c1GI K\u00d3RUS HANGVERSENYEVez\u00e9nyel: Erdei P\u00e9ter \u00e9s Nemes L\u00e1szl\u00f3 NorbertBel\u00e9p\u0151d\u00edj:\u00a02.000 Ft, Kecskem\u00e9t k\u00e1rtya, di\u00e1k, nyugd\u00edjas: 1.000 Ft J\u00falius 25. cs\u00fct\u00f6rt\u00f6k 20 \u00f3raHelysz\u00ednv\u00e1ltoz\u00e1s!\u00a0A program a Reform\u00e1tus \u00dajkoll\u00e9gium helyett a Kultur\u00e1lis K\u00f6zpontban val\u00f3sul meg.Helysz\u00edn: H\u00edr\u00f6s Ag\u00f3ra Kultur\u00e1lis K\u00f6zpontKecskem\u00e9t, De\u00e1k Ferenc t\u00e9r 1.R\u00c1NKI F\u00dcL\u00d6P ZONGORAESTJEBel\u00e9p\u0151d\u00edj:\u00a03.000 Ft, Kecskem\u00e9t k\u00e1rtya, di\u00e1k, nyugd\u00edjas: 2.000 Ft J\u00falius 26. p\u00e9ntek 20 \u00f3raHelysz\u00edn: Kecskem\u00e9ti NagytemplomKecskem\u00e9t, Kossuth t\u00e9r 2.A KECSKEM\u00c9TI SZIMFONIKUS ZENEKAR \u00c9S A KOD\u00c1LY SZEMIN\u00c1RIUM K\u00d3RUS\u00c1NAK FESZTIV\u00c1LZ\u00c1R\u00d3 HANGVERSENYEVez\u00e9nyel: Erdei P\u00e9terSz\u00f3l\u00f3t \u00e9nekel: Brickner SzabolcsKod\u00e1ly Zolt\u00e1n: Psalmus HungaricusP\u00e1va vari\u00e1ci\u00f3kBel\u00e9p\u0151d\u00edj:\u00a02.500 Ft, Kecskem\u00e9t k\u00e1rtya, di\u00e1k, nyugd\u00edjas: 2.000 Ft J\u00falius 16-augusztus 15.Helysz\u00edn: H\u00edr\u00f6s Ag\u00f3ra Kultur\u00e1lis K\u00f6zpontKecskem\u00e9t, De\u00e1k Ferenc t\u00e9r 1.&#8222;K\u00c9PBE \u00cdRT MES\u00c9K&#8221;dr. Gombk\u00f6t\u0151n\u00e9 T\u00f3th Ilona ki\u00e1ll\u00edt\u00e1sa T\u00c9RZEN\u00c9K:A fesztiv\u00e1l ideje alatt 19.15 \u00f3rai kezdettel a koncertek az Eml\u00e9kt\u00e1r t\u00e9ren.J\u00falius 15.\u00a0Kod\u00e1ly iskola \u00fct\u0151egy\u00fctteseJ\u00falius 16.\u00a0K\u00e1llai Anett (fuvola) \u00e9s Rusk\u00f3 R\u00f3bert (klarin\u00e9t) du\u00f3jaJ\u00falius 17.\u00a0Novum KamarazenekarJ\u00falius 19.\u00a0Laviola R\u00e9gi Zenei Egy\u00fcttesJ\u00falius 21.\u00a0Sipos Gerg\u0151 (csello) \u00e9s Pulius Emese (fuvola) du\u00f3jaJ\u00falius 22.\u00a0Cs\u00edk J\u00e1nos \u00e9s a MezzoJ\u00falius 24.\u00a0Vadas L\u00e1szl\u00f3 \u2013 Cs\u00fcll\u00f6g Edina bar\u00e1tai n\u00e9pzenei koncertjeJ\u00falius 25.\u00a0Kecskem\u00e9t BrassJ\u00falius 26.\u00a0Uhrj\u00e1k D\u00f3ra \u00e9s Lei Oliv\u00e9r heged\u0171 du\u00f3ja j\u00falius 15 \u2013 26.30. NEMZETK\u00d6ZI KOD\u00c1LY SZEMIN\u00c1RIUMZENEPEDAG\u00d3GIAI KURZUSSZ\u00d3L\u00d3 \u00c9NEKMESTER KURZUS \u00c9NEKESEK, K\u00d3RUS\u00c9NEKESEK \u00c9S MAG\u00c1N\u00c9NEK TAN\u00c1ROK SZ\u00c1M\u00c1RAKREAT\u00cdV ZONGORAPEDAG\u00d3GIAI KURZUS \u2013 \u2019ZENEZEN\u2019A kurzus vezet\u0151i: Nov\u00e1k Anik\u00f3 \u00e9s K\u00f6rtv\u00e9si KatalinNEMZETI IFJ\u00daS\u00c1GI K\u00d3RUS Jegyek kaphat\u00f3k a H\u00edr\u00f6s Ag\u00f3ra jegyp\u00e9nzt\u00e1raiban:&#8211; H\u00edr\u00f6s Ag\u00f3ra Kultur\u00e1lis K\u00f6zpont , De\u00e1k Ferenc t\u00e9r 1. munkanapokon 14-19 \u00f3ra k\u00f6z\u00f6tt&#8211; H\u00edr\u00f6s Ag\u00f3ra Ifj\u00fas\u00e1gi Otthon, Kossuth t\u00e9r 4. munkanapokon 10-13 \u00e9s 14-17 \u00f3ra k\u00f6z\u00f6tt. \u00a0 Hallgass\u00e1tok meg L\u00e1bas Viki, a Margaret Island \u00e9nekesn\u0151j\u00e9nek \u00fczenet\u00e9t, mit jelentett sz\u00e1mukra az \u00d6r\u00f6m a Zene tehets\u00e9gkutat\u00f3 programja!<\/p>\n","protected":false},"author":1,"featured_media":0,"comment_status":"open","ping_status":"closed","sticky":false,"template":"","format":"standard","meta":{"footnotes":""},"categories":[1],"tags":[],"class_list":["post-1950","post","type-post","status-publish","format-standard","hentry","category-uncategorized"],"_links":{"self":[{"href":"https:\/\/kodaly-muveszeti-fesztival.hu\/index.php?rest_route=\/wp\/v2\/posts\/1950","targetHints":{"allow":["GET"]}}],"collection":[{"href":"https:\/\/kodaly-muveszeti-fesztival.hu\/index.php?rest_route=\/wp\/v2\/posts"}],"about":[{"href":"https:\/\/kodaly-muveszeti-fesztival.hu\/index.php?rest_route=\/wp\/v2\/types\/post"}],"author":[{"embeddable":true,"href":"https:\/\/kodaly-muveszeti-fesztival.hu\/index.php?rest_route=\/wp\/v2\/users\/1"}],"replies":[{"embeddable":true,"href":"https:\/\/kodaly-muveszeti-fesztival.hu\/index.php?rest_route=%2Fwp%2Fv2%2Fcomments&post=1950"}],"version-history":[{"count":4,"href":"https:\/\/kodaly-muveszeti-fesztival.hu\/index.php?rest_route=\/wp\/v2\/posts\/1950\/revisions"}],"predecessor-version":[{"id":1954,"href":"https:\/\/kodaly-muveszeti-fesztival.hu\/index.php?rest_route=\/wp\/v2\/posts\/1950\/revisions\/1954"}],"wp:attachment":[{"href":"https:\/\/kodaly-muveszeti-fesztival.hu\/index.php?rest_route=%2Fwp%2Fv2%2Fmedia&parent=1950"}],"wp:term":[{"taxonomy":"category","embeddable":true,"href":"https:\/\/kodaly-muveszeti-fesztival.hu\/index.php?rest_route=%2Fwp%2Fv2%2Fcategories&post=1950"},{"taxonomy":"post_tag","embeddable":true,"href":"https:\/\/kodaly-muveszeti-fesztival.hu\/index.php?rest_route=%2Fwp%2Fv2%2Ftags&post=1950"}],"curies":[{"name":"wp","href":"https:\/\/api.w.org\/{rel}","templated":true}]}}