{"id":1833,"date":"2021-07-29T07:58:15","date_gmt":"2021-07-29T07:58:15","guid":{"rendered":"https:\/\/kodaly-muveszeti-fesztival.hu\/?p=1833"},"modified":"2021-07-29T09:48:26","modified_gmt":"2021-07-29T09:48:26","slug":"nemzeti-ifjusagi-korus-hangversenye","status":"publish","type":"post","link":"https:\/\/kodaly-muveszeti-fesztival.hu\/?p=1833","title":{"rendered":"Nemzeti Ifj\u00fas\u00e1gi K\u00f3rus hangversenye"},"content":{"rendered":"\t\t<div data-elementor-type=\"wp-post\" data-elementor-id=\"1833\" class=\"elementor elementor-1833\">\n\t\t\t\t\t\t<section class=\"elementor-section elementor-top-section elementor-element elementor-element-cc05d58 elementor-section-boxed elementor-section-height-default elementor-section-height-default\" data-id=\"cc05d58\" data-element_type=\"section\">\n\t\t\t\t\t\t<div class=\"elementor-container elementor-column-gap-default\">\n\t\t\t\t\t<div class=\"elementor-column elementor-col-50 elementor-top-column elementor-element elementor-element-4fb78fd\" data-id=\"4fb78fd\" data-element_type=\"column\" data-settings=\"{&quot;background_background&quot;:&quot;classic&quot;}\">\n\t\t\t<div class=\"elementor-widget-wrap elementor-element-populated\">\n\t\t\t\t\t<div class=\"elementor-background-overlay\"><\/div>\n\t\t\t\t\t\t<div class=\"elementor-element elementor-element-aca3471 elementor-widget elementor-widget-heading\" data-id=\"aca3471\" data-element_type=\"widget\" data-widget_type=\"heading.default\">\n\t\t\t\t<div class=\"elementor-widget-container\">\n\t\t\t\t\t<h4 class=\"elementor-heading-title elementor-size-default\">A Nemzeti Ifj\u00fas\u00e1gi K\u00f3rus hangversenye<\/h4>\t\t\t\t<\/div>\n\t\t\t\t<\/div>\n\t\t\t\t\t<\/div>\n\t\t<\/div>\n\t\t\t\t<div class=\"elementor-column elementor-col-50 elementor-top-column elementor-element elementor-element-ca55f7c\" data-id=\"ca55f7c\" data-element_type=\"column\">\n\t\t\t<div class=\"elementor-widget-wrap elementor-element-populated\">\n\t\t\t\t\t\t<div class=\"elementor-element elementor-element-04604e9 elementor-widget elementor-widget-text-editor\" data-id=\"04604e9\" data-element_type=\"widget\" data-widget_type=\"text-editor.default\">\n\t\t\t\t<div class=\"elementor-widget-container\">\n\t\t\t\t\t\t\t\t\t<h5>\u00a0<\/h5><h5>\u00a0<\/h5><h5>A Nemzeti Ifj\u00fas\u00e1gi K\u00f3rus hatalmas koncertet adott szerda este a kecskem\u00e9ti Piarista templomban.<\/h5><p>\u00a0<\/p><p>Nincs alkalmasabb helysz\u00edn a k\u00f3rus\u00e9nek hallgat\u00e1s\u00e1ra, mint a templomok. A templomok akusztik\u00e1ja ut\u00e1nozhatatlanul adja vissza az \u00e9nekhangot is, \u00e9teri hangz\u00e1st eredm\u00e9nyezve. A Nemzeti Ifj\u00fas\u00e1gi K\u00f3rus ebbe az \u00e9teri hangulatba rep\u00edtette el k\u00f6z\u00f6ns\u00e9g\u00e9t.<\/p><p>A Nemzeti Ifj\u00fas\u00e1gi K\u00f3rus 2018-ban alakult, \u00e9s 5 orsz\u00e1g magyar fiataljait fogja \u00f6ssze, hat\u00e1ron innen \u00e9s t\u00fal. A k\u00f3rus projektjelleggel, a ny\u00e1ri id\u0151szakban m\u0171k\u00f6dik. Az egy\u00fcttesbe sikerrel p\u00e1ly\u00e1z\u00f3k intenz\u00edv felk\u00e9sz\u00edt\u0151 kurzuson vesznek r\u00e9szt, majd turn\u00e9ra indulnak, hogy bemutass\u00e1k \u00faj m\u0171sorukat. A k\u00f3rusnak jelenleg 50 akt\u00edv tagja van, \u00e9s szakmai h\u00e1tter\u00fcket k\u00e9t, nemzetk\u00f6zileg elismert kiv\u00e1l\u00f3 karnagy adja, Erdei P\u00e9ter \u00e9s Nemes L\u00e1szl\u00f3 Norbert. A k\u00f3rus id\u00e9n magyarorsz\u00e1gi v\u00e1rosokban tartj\u00e1k bemutat\u00f3ikat.<\/p>\t\t\t\t\t\t\t\t<\/div>\n\t\t\t\t<\/div>\n\t\t\t\t\t<\/div>\n\t\t<\/div>\n\t\t\t\t\t<\/div>\n\t\t<\/section>\n\t\t\t\t<\/div>\n\t\t","protected":false},"excerpt":{"rendered":"<p>A Nemzeti Ifj\u00fas\u00e1gi K\u00f3rus hangversenye \u00a0 \u00a0 A Nemzeti Ifj\u00fas\u00e1gi K\u00f3rus hatalmas koncertet adott szerda este a kecskem\u00e9ti Piarista templomban. \u00a0 Nincs alkalmasabb helysz\u00edn a k\u00f3rus\u00e9nek hallgat\u00e1s\u00e1ra, mint a templomok. A templomok akusztik\u00e1ja ut\u00e1nozhatatlanul adja vissza az \u00e9nekhangot is, \u00e9teri hangz\u00e1st eredm\u00e9nyezve. A Nemzeti Ifj\u00fas\u00e1gi K\u00f3rus ebbe az \u00e9teri hangulatba rep\u00edtette el k\u00f6z\u00f6ns\u00e9g\u00e9t. A Nemzeti Ifj\u00fas\u00e1gi K\u00f3rus 2018-ban alakult, \u00e9s 5 orsz\u00e1g magyar fiataljait fogja \u00f6ssze, hat\u00e1ron innen \u00e9s t\u00fal. A k\u00f3rus projektjelleggel, a ny\u00e1ri id\u0151szakban m\u0171k\u00f6dik. Az egy\u00fcttesbe sikerrel p\u00e1ly\u00e1z\u00f3k intenz\u00edv felk\u00e9sz\u00edt\u0151 kurzuson vesznek r\u00e9szt, majd turn\u00e9ra indulnak, hogy bemutass\u00e1k \u00faj m\u0171sorukat. A k\u00f3rusnak jelenleg 50 akt\u00edv tagja van, \u00e9s szakmai h\u00e1tter\u00fcket k\u00e9t, nemzetk\u00f6zileg elismert kiv\u00e1l\u00f3 karnagy adja, Erdei P\u00e9ter \u00e9s Nemes L\u00e1szl\u00f3 Norbert. A k\u00f3rus id\u00e9n magyarorsz\u00e1gi v\u00e1rosokban tartj\u00e1k bemutat\u00f3ikat.<\/p>\n","protected":false},"author":1,"featured_media":0,"comment_status":"open","ping_status":"closed","sticky":false,"template":"","format":"standard","meta":{"footnotes":""},"categories":[1],"tags":[],"class_list":["post-1833","post","type-post","status-publish","format-standard","hentry","category-uncategorized"],"_links":{"self":[{"href":"https:\/\/kodaly-muveszeti-fesztival.hu\/index.php?rest_route=\/wp\/v2\/posts\/1833","targetHints":{"allow":["GET"]}}],"collection":[{"href":"https:\/\/kodaly-muveszeti-fesztival.hu\/index.php?rest_route=\/wp\/v2\/posts"}],"about":[{"href":"https:\/\/kodaly-muveszeti-fesztival.hu\/index.php?rest_route=\/wp\/v2\/types\/post"}],"author":[{"embeddable":true,"href":"https:\/\/kodaly-muveszeti-fesztival.hu\/index.php?rest_route=\/wp\/v2\/users\/1"}],"replies":[{"embeddable":true,"href":"https:\/\/kodaly-muveszeti-fesztival.hu\/index.php?rest_route=%2Fwp%2Fv2%2Fcomments&post=1833"}],"version-history":[{"count":13,"href":"https:\/\/kodaly-muveszeti-fesztival.hu\/index.php?rest_route=\/wp\/v2\/posts\/1833\/revisions"}],"predecessor-version":[{"id":1871,"href":"https:\/\/kodaly-muveszeti-fesztival.hu\/index.php?rest_route=\/wp\/v2\/posts\/1833\/revisions\/1871"}],"wp:attachment":[{"href":"https:\/\/kodaly-muveszeti-fesztival.hu\/index.php?rest_route=%2Fwp%2Fv2%2Fmedia&parent=1833"}],"wp:term":[{"taxonomy":"category","embeddable":true,"href":"https:\/\/kodaly-muveszeti-fesztival.hu\/index.php?rest_route=%2Fwp%2Fv2%2Fcategories&post=1833"},{"taxonomy":"post_tag","embeddable":true,"href":"https:\/\/kodaly-muveszeti-fesztival.hu\/index.php?rest_route=%2Fwp%2Fv2%2Ftags&post=1833"}],"curies":[{"name":"wp","href":"https:\/\/api.w.org\/{rel}","templated":true}]}}