{"id":1612,"date":"2021-07-28T12:17:30","date_gmt":"2021-07-28T12:17:30","guid":{"rendered":"https:\/\/kodaly-muveszeti-fesztival.hu\/?p=1612"},"modified":"2021-07-28T13:34:50","modified_gmt":"2021-07-28T13:34:50","slug":"elementor-1612","status":"publish","type":"post","link":"https:\/\/kodaly-muveszeti-fesztival.hu\/?p=1612","title":{"rendered":"&#8222;Beethowen, ahogy Mi szeretj\u00fck&#8230;&#8221;"},"content":{"rendered":"\t\t<div data-elementor-type=\"wp-post\" data-elementor-id=\"1612\" class=\"elementor elementor-1612\">\n\t\t\t\t\t\t<section class=\"elementor-section elementor-top-section elementor-element elementor-element-a5993a7 elementor-section-boxed elementor-section-height-default elementor-section-height-default\" data-id=\"a5993a7\" data-element_type=\"section\">\n\t\t\t\t\t\t<div class=\"elementor-container elementor-column-gap-default\">\n\t\t\t\t\t<div class=\"elementor-column elementor-col-100 elementor-top-column elementor-element elementor-element-68201d0\" data-id=\"68201d0\" data-element_type=\"column\">\n\t\t\t<div class=\"elementor-widget-wrap\">\n\t\t\t\t\t\t\t<\/div>\n\t\t<\/div>\n\t\t\t\t\t<\/div>\n\t\t<\/section>\n\t\t\t\t<section class=\"elementor-section elementor-top-section elementor-element elementor-element-b5985d5 elementor-section-boxed elementor-section-height-default elementor-section-height-default\" data-id=\"b5985d5\" data-element_type=\"section\">\n\t\t\t\t\t\t<div class=\"elementor-container elementor-column-gap-default\">\n\t\t\t\t\t<div class=\"elementor-column elementor-col-100 elementor-top-column elementor-element elementor-element-5d1c230\" data-id=\"5d1c230\" data-element_type=\"column\" data-settings=\"{&quot;background_background&quot;:&quot;classic&quot;}\">\n\t\t\t<div class=\"elementor-widget-wrap elementor-element-populated\">\n\t\t\t\t\t<div class=\"elementor-background-overlay\"><\/div>\n\t\t\t\t\t\t<div class=\"elementor-element elementor-element-05676a6 elementor-widget elementor-widget-heading\" data-id=\"05676a6\" data-element_type=\"widget\" data-widget_type=\"heading.default\">\n\t\t\t\t<div class=\"elementor-widget-container\">\n\t\t\t\t\t<h4 class=\"elementor-heading-title elementor-size-default\"><span style=\"font-family: var( --e-global-typography-primary-font-family ), Sans-serif;letter-spacing: 0px\">\"Beethoven, ahogy mi szeretj\u00fck...\"<\/span><br>- S\u00e1rik P\u00e9ter Tri\u00f3 \u00e9s a Kecskem\u00e9ti Szimfonikus Zenekar von\u00f3sainak k\u00f6z\u00f6s koncertje<\/h4>\t\t\t\t<\/div>\n\t\t\t\t<\/div>\n\t\t\t\t\t<\/div>\n\t\t<\/div>\n\t\t\t\t\t<\/div>\n\t\t<\/section>\n\t\t\t\t<section class=\"elementor-section elementor-top-section elementor-element elementor-element-0e47d73 elementor-section-boxed elementor-section-height-default elementor-section-height-default\" data-id=\"0e47d73\" data-element_type=\"section\">\n\t\t\t\t\t\t<div class=\"elementor-container elementor-column-gap-default\">\n\t\t\t\t\t<div class=\"elementor-column elementor-col-100 elementor-top-column elementor-element elementor-element-aa8290c\" data-id=\"aa8290c\" data-element_type=\"column\">\n\t\t\t<div class=\"elementor-widget-wrap elementor-element-populated\">\n\t\t\t\t\t\t<div class=\"elementor-element elementor-element-a454713 elementor-widget elementor-widget-spacer\" data-id=\"a454713\" data-element_type=\"widget\" data-widget_type=\"spacer.default\">\n\t\t\t\t<div class=\"elementor-widget-container\">\n\t\t\t\t\t\t\t<div class=\"elementor-spacer\">\n\t\t\t<div class=\"elementor-spacer-inner\"><\/div>\n\t\t<\/div>\n\t\t\t\t\t\t<\/div>\n\t\t\t\t<\/div>\n\t\t\t\t<section class=\"elementor-section elementor-inner-section elementor-element elementor-element-bec4a43 elementor-section-boxed elementor-section-height-default elementor-section-height-default\" data-id=\"bec4a43\" data-element_type=\"section\">\n\t\t\t\t\t\t<div class=\"elementor-container elementor-column-gap-default\">\n\t\t\t\t\t<div class=\"elementor-column elementor-col-100 elementor-inner-column elementor-element elementor-element-aa99837\" data-id=\"aa99837\" data-element_type=\"column\">\n\t\t\t<div class=\"elementor-widget-wrap elementor-element-populated\">\n\t\t\t\t\t\t<div class=\"elementor-element elementor-element-0bc22b2 elementor-widget elementor-widget-text-editor\" data-id=\"0bc22b2\" data-element_type=\"widget\" data-widget_type=\"text-editor.default\">\n\t\t\t\t<div class=\"elementor-widget-container\">\n\t\t\t\t\t\t\t\t\t<h4>Beethoven tavalyi, sz\u00fclet\u00e9s\u00e9nek 250. \u00e9vfordul\u00f3ja alkalm\u00e1b\u00f3l sz\u00fcletett meg a S\u00e1rik P\u00e9ter Tri\u00f3 &#8222;Beethoven, ahogy Mi szeretj\u00fck&#8230;&#8221; reperto\u00e1rja. A Romkertben, Kecskem\u00e9t F\u0151ter\u00e9n tartott szabadt\u00e9ri koncert komolyzenei alapokra t\u00e1maszkodva, m\u00e1s m\u0171fajokkal vegy\u00edtett, eddig ismeretlen k\u00f6nt\u00f6sben hozta el nek\u00fcnk Beethowen klasszikus m\u0171veit.<\/h4><div dir=\"auto\">\u00a0<\/div><div dir=\"auto\">Kedden este nyolckor kezd\u0151d\u00f6tt a Kod\u00e1ly M\u0171v\u00e9szeti Fesztiv\u00e1l \u00fajabb atmoszf\u00e9rakoncertje. A megvil\u00e1g\u00edtott Romkert belsej\u00e9ben \u00fcl\u0151, fell\u00e9p\u0151 m\u0171v\u00e9szeket k\u00f6rbe\u00fclte \u00e9s \u00e1llta a k\u00f6z\u00f6ns\u00e9g &#8211; igazi ny\u00e1resti hangulathoz igazodva, a sz\u00e9kek mellett a &#8222;romokon&#8221;, p\u00e1rn\u00e1val is sokan helyet foglaltak, hogy m\u00e9g k\u00f6zelebbr\u0151l \u00e9lvezhess\u00e9k a Tri\u00f3 \u00e9s a Szimfonikusok j\u00e1t\u00e9k\u00e1t.<\/div><div dir=\"auto\">\u00a0<\/div><div dir=\"auto\">A S\u00e1rik P\u00e9ter Tri\u00f3 (Fonay Tibor &#8211; nagyb\u0151g\u0151, G\u00e1lfi Attila &#8211; dob, S\u00e1rik P\u00e9ter &#8211; zongora) a Kecskem\u00e9ti Szimfonikusok von\u00f3saival kieg\u00e9sz\u00fclve omin\u00f3zus koncertet adott.\u00a0<br \/>Beethoven klasszikusai, zongoraszon\u00e1t\u00e1i zenekari hangszerel\u00e9sben, k\u00fcl\u00f6nb\u00f6z\u0151 m\u0171fajok st\u00edluselemeit haszn\u00e1lva sz\u00f3laltak meg, mint: jazz, salsa, bossa nova. A j\u00e1t\u00e9k f\u0151 r\u00e9sz\u00e9t k\u00e9pezte az improviz\u00e1ci\u00f3 &#8211; dob-, zongora-, \u00e9s nagyb\u0151g\u0151-sz\u00f3l\u00f3k v\u00e1ltogatt\u00e1k egym\u00e1st. A Tri\u00f3val k\u00f6zrem\u0171k\u00f6dtek a Kecskem\u00e9ti Szimfonikus Zenekar von\u00f3sai, \u00e9s az \u00edgy alakult zenei f\u00fazi\u00f3, az \u00e1talak\u00edtott klasszikusokkal\u00a0 izgalmas koncert\u00e9lm\u00e9nyt ny\u00fajtott mind a k\u00f6z\u00f6ns\u00e9g, mind a fell\u00e9p\u0151k sz\u00e1m\u00e1ra.<\/div><div dir=\"auto\">\u00a0<\/div><div dir=\"auto\">A Tri\u00f3 akt\u00edvan bevonta a k\u00f6z\u00f6ns\u00e9get &#8211; az \u00d6r\u00f6m\u00f3d\u00e1t k\u00f6z\u00f6sen \u00e9nekelve sz\u00e1llhatott be minden jelenl\u00e9v\u0151 a zen\u00e9l\u00e9sbe. Ilyen, \u00e9s hasonl\u00f3 alkalmak igazolj\u00e1k Kod\u00e1ly \u00f6r\u00f6k\u00e9rv\u00e9ny\u0171 mondat\u00e1t: &#8222;Legyen a zene mindenki\u00e9!&#8221; &#8211; Karon\u00fcl\u0151 gyerekekt\u0151l, tapasztalt sz\u00e9pkor\u00faakon \u00e1t, a kuty\u00e1kkal, ker\u00e9kp\u00e1rral, nagycsal\u00e1ddal vagy \u00e9pp egyed\u00fcl \u00e9rkez\u0151k\u00e9.<\/div><div class=\"kvgmc6g5 cxmmr5t8 oygrvhab hcukyx3x c1et5uql ii04i59q\"><div dir=\"auto\">\u00a0<\/div><div dir=\"auto\">A humorban, atmoszf\u00e9r\u00e1ban \u00e9s zen\u00e9ben egyar\u00e1nt gazdag este \u00edzel\u00edt\u0151 volt a meg\u00fajult folyamatokb\u00f3l, melyek a Kod\u00e1ly M\u0171v\u00e9szeti Fesztiv\u00e1l \u00e9s a H\u00edr\u00f6s Ag\u00f3ra \u00e9gisze alatt zajlanak.<\/div><\/div><div dir=\"auto\">\u00a0<\/div><div dir=\"auto\"><em>Fot\u00f3: Banczik R\u00f3bert<\/em><\/div><div class=\"o9v6fnle cxmmr5t8 oygrvhab hcukyx3x c1et5uql ii04i59q\"><div dir=\"auto\">\u00a0<\/div><\/div>\t\t\t\t\t\t\t\t<\/div>\n\t\t\t\t<\/div>\n\t\t\t\t\t<\/div>\n\t\t<\/div>\n\t\t\t\t\t<\/div>\n\t\t<\/section>\n\t\t\t\t\t<\/div>\n\t\t<\/div>\n\t\t\t\t\t<\/div>\n\t\t<\/section>\n\t\t\t\t<\/div>\n\t\t","protected":false},"excerpt":{"rendered":"<p>&#8222;Beethoven, ahogy mi szeretj\u00fck&#8230;&#8221;&#8211; S\u00e1rik P\u00e9ter Tri\u00f3 \u00e9s a Kecskem\u00e9ti Szimfonikus Zenekar von\u00f3sainak k\u00f6z\u00f6s koncertje Beethoven tavalyi, sz\u00fclet\u00e9s\u00e9nek 250. \u00e9vfordul\u00f3ja alkalm\u00e1b\u00f3l sz\u00fcletett meg a S\u00e1rik P\u00e9ter Tri\u00f3 &#8222;Beethoven, ahogy Mi szeretj\u00fck&#8230;&#8221; reperto\u00e1rja. A Romkertben, Kecskem\u00e9t F\u0151ter\u00e9n tartott szabadt\u00e9ri koncert komolyzenei alapokra t\u00e1maszkodva, m\u00e1s m\u0171fajokkal vegy\u00edtett, eddig ismeretlen k\u00f6nt\u00f6sben hozta el nek\u00fcnk Beethowen klasszikus m\u0171veit. \u00a0Kedden este nyolckor kezd\u0151d\u00f6tt a Kod\u00e1ly M\u0171v\u00e9szeti Fesztiv\u00e1l \u00fajabb atmoszf\u00e9rakoncertje. A megvil\u00e1g\u00edtott Romkert belsej\u00e9ben \u00fcl\u0151, fell\u00e9p\u0151 m\u0171v\u00e9szeket k\u00f6rbe\u00fclte \u00e9s \u00e1llta a k\u00f6z\u00f6ns\u00e9g &#8211; igazi ny\u00e1resti hangulathoz igazodva, a sz\u00e9kek mellett a &#8222;romokon&#8221;, p\u00e1rn\u00e1val is sokan helyet foglaltak, hogy m\u00e9g k\u00f6zelebbr\u0151l \u00e9lvezhess\u00e9k a Tri\u00f3 \u00e9s a Szimfonikusok j\u00e1t\u00e9k\u00e1t.\u00a0A S\u00e1rik P\u00e9ter Tri\u00f3 (Fonay Tibor &#8211; nagyb\u0151g\u0151, G\u00e1lfi Attila &#8211; dob, S\u00e1rik P\u00e9ter &#8211; zongora) a Kecskem\u00e9ti Szimfonikusok von\u00f3saival kieg\u00e9sz\u00fclve omin\u00f3zus koncertet adott.\u00a0Beethoven klasszikusai, zongoraszon\u00e1t\u00e1i zenekari hangszerel\u00e9sben, k\u00fcl\u00f6nb\u00f6z\u0151 m\u0171fajok st\u00edluselemeit haszn\u00e1lva sz\u00f3laltak meg, mint: jazz, salsa, bossa nova. A j\u00e1t\u00e9k f\u0151 r\u00e9sz\u00e9t k\u00e9pezte az improviz\u00e1ci\u00f3 &#8211; dob-, zongora-, \u00e9s nagyb\u0151g\u0151-sz\u00f3l\u00f3k v\u00e1ltogatt\u00e1k egym\u00e1st. A Tri\u00f3val k\u00f6zrem\u0171k\u00f6dtek a Kecskem\u00e9ti Szimfonikus Zenekar von\u00f3sai, \u00e9s az \u00edgy alakult zenei f\u00fazi\u00f3, az \u00e1talak\u00edtott klasszikusokkal\u00a0 izgalmas koncert\u00e9lm\u00e9nyt ny\u00fajtott mind a k\u00f6z\u00f6ns\u00e9g, mind a fell\u00e9p\u0151k sz\u00e1m\u00e1ra.\u00a0A Tri\u00f3 akt\u00edvan bevonta a k\u00f6z\u00f6ns\u00e9get &#8211; az \u00d6r\u00f6m\u00f3d\u00e1t k\u00f6z\u00f6sen \u00e9nekelve sz\u00e1llhatott be minden jelenl\u00e9v\u0151 a zen\u00e9l\u00e9sbe. Ilyen, \u00e9s hasonl\u00f3 alkalmak igazolj\u00e1k Kod\u00e1ly \u00f6r\u00f6k\u00e9rv\u00e9ny\u0171 mondat\u00e1t: &#8222;Legyen a zene mindenki\u00e9!&#8221; &#8211; Karon\u00fcl\u0151 gyerekekt\u0151l, tapasztalt sz\u00e9pkor\u00faakon \u00e1t, a kuty\u00e1kkal, ker\u00e9kp\u00e1rral, nagycsal\u00e1ddal vagy \u00e9pp egyed\u00fcl \u00e9rkez\u0151k\u00e9.\u00a0A humorban, atmoszf\u00e9r\u00e1ban \u00e9s zen\u00e9ben egyar\u00e1nt gazdag este \u00edzel\u00edt\u0151 volt a meg\u00fajult folyamatokb\u00f3l, melyek a Kod\u00e1ly M\u0171v\u00e9szeti Fesztiv\u00e1l \u00e9s a H\u00edr\u00f6s Ag\u00f3ra \u00e9gisze alatt zajlanak.\u00a0Fot\u00f3: Banczik R\u00f3bert\u00a0<\/p>\n","protected":false},"author":1,"featured_media":0,"comment_status":"open","ping_status":"closed","sticky":false,"template":"","format":"standard","meta":{"footnotes":""},"categories":[1],"tags":[],"class_list":["post-1612","post","type-post","status-publish","format-standard","hentry","category-uncategorized"],"_links":{"self":[{"href":"https:\/\/kodaly-muveszeti-fesztival.hu\/index.php?rest_route=\/wp\/v2\/posts\/1612","targetHints":{"allow":["GET"]}}],"collection":[{"href":"https:\/\/kodaly-muveszeti-fesztival.hu\/index.php?rest_route=\/wp\/v2\/posts"}],"about":[{"href":"https:\/\/kodaly-muveszeti-fesztival.hu\/index.php?rest_route=\/wp\/v2\/types\/post"}],"author":[{"embeddable":true,"href":"https:\/\/kodaly-muveszeti-fesztival.hu\/index.php?rest_route=\/wp\/v2\/users\/1"}],"replies":[{"embeddable":true,"href":"https:\/\/kodaly-muveszeti-fesztival.hu\/index.php?rest_route=%2Fwp%2Fv2%2Fcomments&post=1612"}],"version-history":[{"count":11,"href":"https:\/\/kodaly-muveszeti-fesztival.hu\/index.php?rest_route=\/wp\/v2\/posts\/1612\/revisions"}],"predecessor-version":[{"id":1822,"href":"https:\/\/kodaly-muveszeti-fesztival.hu\/index.php?rest_route=\/wp\/v2\/posts\/1612\/revisions\/1822"}],"wp:attachment":[{"href":"https:\/\/kodaly-muveszeti-fesztival.hu\/index.php?rest_route=%2Fwp%2Fv2%2Fmedia&parent=1612"}],"wp:term":[{"taxonomy":"category","embeddable":true,"href":"https:\/\/kodaly-muveszeti-fesztival.hu\/index.php?rest_route=%2Fwp%2Fv2%2Fcategories&post=1612"},{"taxonomy":"post_tag","embeddable":true,"href":"https:\/\/kodaly-muveszeti-fesztival.hu\/index.php?rest_route=%2Fwp%2Fv2%2Ftags&post=1612"}],"curies":[{"name":"wp","href":"https:\/\/api.w.org\/{rel}","templated":true}]}}