{"id":1373,"date":"2021-07-23T08:28:12","date_gmt":"2021-07-23T08:28:12","guid":{"rendered":"https:\/\/kodaly-muveszeti-fesztival.hu\/?p=1373"},"modified":"2021-07-27T13:59:02","modified_gmt":"2021-07-27T13:59:02","slug":"bretz-gabor-es-graf-zsuzsanna-az-evangelikus-templomban","status":"publish","type":"post","link":"https:\/\/kodaly-muveszeti-fesztival.hu\/?p=1373","title":{"rendered":"&#8222;K\u00f6t\u00f6ttem bokr\u00e9t\u00e1t&#8230;&#8221; Bretz G\u00e1bor \u00e9s Gr\u00e1f Zsuzsanna"},"content":{"rendered":"\t\t<div data-elementor-type=\"wp-post\" data-elementor-id=\"1373\" class=\"elementor elementor-1373\">\n\t\t\t\t\t\t<section class=\"elementor-section elementor-top-section elementor-element elementor-element-f153c4c elementor-section-full_width elementor-section-content-middle elementor-section-height-default elementor-section-height-default\" data-id=\"f153c4c\" data-element_type=\"section\">\n\t\t\t\t\t\t<div class=\"elementor-container elementor-column-gap-no\">\n\t\t\t\t\t<div class=\"elementor-column elementor-col-50 elementor-top-column elementor-element elementor-element-ea0b547\" data-id=\"ea0b547\" data-element_type=\"column\" data-settings=\"{&quot;background_background&quot;:&quot;classic&quot;}\">\n\t\t\t<div class=\"elementor-widget-wrap elementor-element-populated\">\n\t\t\t\t\t<div class=\"elementor-background-overlay\"><\/div>\n\t\t\t\t\t\t<div class=\"elementor-element elementor-element-b6b3435 elementor-widget elementor-widget-heading\" data-id=\"b6b3435\" data-element_type=\"widget\" data-widget_type=\"heading.default\">\n\t\t\t\t<div class=\"elementor-widget-container\">\n\t\t\t\t\t<h4 class=\"elementor-heading-title elementor-size-default\">Bretz G\u00e1bor \u00e9s Gr\u00e1f Zsuzsanna<\/h4>\t\t\t\t<\/div>\n\t\t\t\t<\/div>\n\t\t\t\t\t<\/div>\n\t\t<\/div>\n\t\t\t\t<div class=\"elementor-column elementor-col-50 elementor-top-column elementor-element elementor-element-5738281\" data-id=\"5738281\" data-element_type=\"column\">\n\t\t\t<div class=\"elementor-widget-wrap elementor-element-populated\">\n\t\t\t\t\t\t<div class=\"elementor-element elementor-element-a761368 elementor-widget elementor-widget-text-editor\" data-id=\"a761368\" data-element_type=\"widget\" data-widget_type=\"text-editor.default\">\n\t\t\t\t<div class=\"elementor-widget-container\">\n\t\t\t\t\t\t\t\t\t<h5><span style=\"color: #333333;\">&#8222;K\u00f6t\u00f6ttem bokr\u00e9t\u00e1t&#8230;&#8221;\u00a0 <br \/><\/span><\/h5><h5>\u00a0<\/h5><h5><span style=\"color: #333333;\">A Kod\u00e1ly M\u0171v\u00e9szeti Fesztiv\u00e1l cs\u00fct\u00f6rt\u00f6k esti koncertj\u00e9n a vil\u00e1gh\u00edr\u0171 basszbariton, Bretz G\u00e1bor \u00e9nekhangj\u00e1ban \u00e9s a neves karnagy, zongoratan\u00e1r, Gr\u00e1f Zsuzsanna j\u00e1t\u00e9k\u00e1ban gy\u00f6ny\u00f6rk\u00f6dhettek a zeneszeret\u0151k. <\/span><\/h5><h5>\u00a0<\/h5><h5>\u00a0<\/h5><p>Cs\u00fct\u00f6rt\u00f6k este Bretz G\u00e1bor \u00e9s Gr\u00e1f Zsuzsanna voltak az Evang\u00e9likus templom vend\u00e9gei a Kod\u00e1ly M\u0171v\u00e9szeti Fesztiv\u00e1l keret\u00e9ben. Az operakoncerten a vil\u00e1gh\u00edr\u0171 basszbariton, Bretz G\u00e1bor \u00e9nekhangj\u00e1ban \u00e9s a neves karnagy, zongoratan\u00e1r, Gr\u00e1f Zsuzsanna j\u00e1t\u00e9k\u00e1ban gy\u00f6ny\u00f6rk\u00f6dhettek a zeneszeret\u0151k.<\/p><div class=\"kvgmc6g5 cxmmr5t8 oygrvhab hcukyx3x c1et5uql ii04i59q\"><div dir=\"auto\">\u00a0<\/div><\/div><div class=\"o9v6fnle cxmmr5t8 oygrvhab hcukyx3x c1et5uql ii04i59q\"><p dir=\"auto\">Az est els\u0151 fel\u00e9ben Kecskem\u00e9t sz\u00fcl\u00f6ttj\u00e9nek Ady Endre, Berzsenyi D\u00e1niel \u00e9s Bal\u00e1zs B\u00e9la sz\u00f6veg\u00e9re \u00edrt m\u0171veit hallgathatt\u00e1k meg a jelenl\u00e9v\u0151k, majd Gustav Mahler n\u00e9gy dala csend\u00fclt fel, amelyeket a budapesti Operah\u00e1z egykori igazgat\u00f3ja, a k\u00e9s\u0151 romantikus zene utols\u00f3 nagy mestere a keleti nyelvek professzorak\u00e9nt ismert n\u00e9met k\u00f6lt\u0151, Friedrich R\u00fcckert verseire kompon\u00e1lt. A koncert z\u00e1r\u00e1sak\u00e9nt Kod\u00e1ly \u00c9neksz\u00f3 c\u00edm\u0171 dalciklus\u00e1b\u00f3l hangzott el 12 dal, k\u00f6zt\u00fck a \u201eK\u00f6t\u00f6ttem bokr\u00e9t\u00e1t&#8230;\u201d.<\/p><\/div>\t\t\t\t\t\t\t\t<\/div>\n\t\t\t\t<\/div>\n\t\t\t\t\t<\/div>\n\t\t<\/div>\n\t\t\t\t\t<\/div>\n\t\t<\/section>\n\t\t\t\t<\/div>\n\t\t","protected":false},"excerpt":{"rendered":"<p>Bretz G\u00e1bor \u00e9s Gr\u00e1f Zsuzsanna &#8222;K\u00f6t\u00f6ttem bokr\u00e9t\u00e1t&#8230;&#8221;\u00a0 \u00a0 A Kod\u00e1ly M\u0171v\u00e9szeti Fesztiv\u00e1l cs\u00fct\u00f6rt\u00f6k esti koncertj\u00e9n a vil\u00e1gh\u00edr\u0171 basszbariton, Bretz G\u00e1bor \u00e9nekhangj\u00e1ban \u00e9s a neves karnagy, zongoratan\u00e1r, Gr\u00e1f Zsuzsanna j\u00e1t\u00e9k\u00e1ban gy\u00f6ny\u00f6rk\u00f6dhettek a zeneszeret\u0151k. \u00a0 \u00a0 Cs\u00fct\u00f6rt\u00f6k este Bretz G\u00e1bor \u00e9s Gr\u00e1f Zsuzsanna voltak az Evang\u00e9likus templom vend\u00e9gei a Kod\u00e1ly M\u0171v\u00e9szeti Fesztiv\u00e1l keret\u00e9ben. Az operakoncerten a vil\u00e1gh\u00edr\u0171 basszbariton, Bretz G\u00e1bor \u00e9nekhangj\u00e1ban \u00e9s a neves karnagy, zongoratan\u00e1r, Gr\u00e1f Zsuzsanna j\u00e1t\u00e9k\u00e1ban gy\u00f6ny\u00f6rk\u00f6dhettek a zeneszeret\u0151k. \u00a0 Az est els\u0151 fel\u00e9ben Kecskem\u00e9t sz\u00fcl\u00f6ttj\u00e9nek Ady Endre, Berzsenyi D\u00e1niel \u00e9s Bal\u00e1zs B\u00e9la sz\u00f6veg\u00e9re \u00edrt m\u0171veit hallgathatt\u00e1k meg a jelenl\u00e9v\u0151k, majd Gustav Mahler n\u00e9gy dala csend\u00fclt fel, amelyeket a budapesti Operah\u00e1z egykori igazgat\u00f3ja, a k\u00e9s\u0151 romantikus zene utols\u00f3 nagy mestere a keleti nyelvek professzorak\u00e9nt ismert n\u00e9met k\u00f6lt\u0151, Friedrich R\u00fcckert verseire kompon\u00e1lt. A koncert z\u00e1r\u00e1sak\u00e9nt Kod\u00e1ly \u00c9neksz\u00f3 c\u00edm\u0171 dalciklus\u00e1b\u00f3l hangzott el 12 dal, k\u00f6zt\u00fck a \u201eK\u00f6t\u00f6ttem bokr\u00e9t\u00e1t&#8230;\u201d.<\/p>\n","protected":false},"author":1,"featured_media":0,"comment_status":"open","ping_status":"closed","sticky":false,"template":"","format":"standard","meta":{"footnotes":""},"categories":[1],"tags":[],"class_list":["post-1373","post","type-post","status-publish","format-standard","hentry","category-uncategorized"],"_links":{"self":[{"href":"https:\/\/kodaly-muveszeti-fesztival.hu\/index.php?rest_route=\/wp\/v2\/posts\/1373","targetHints":{"allow":["GET"]}}],"collection":[{"href":"https:\/\/kodaly-muveszeti-fesztival.hu\/index.php?rest_route=\/wp\/v2\/posts"}],"about":[{"href":"https:\/\/kodaly-muveszeti-fesztival.hu\/index.php?rest_route=\/wp\/v2\/types\/post"}],"author":[{"embeddable":true,"href":"https:\/\/kodaly-muveszeti-fesztival.hu\/index.php?rest_route=\/wp\/v2\/users\/1"}],"replies":[{"embeddable":true,"href":"https:\/\/kodaly-muveszeti-fesztival.hu\/index.php?rest_route=%2Fwp%2Fv2%2Fcomments&post=1373"}],"version-history":[{"count":8,"href":"https:\/\/kodaly-muveszeti-fesztival.hu\/index.php?rest_route=\/wp\/v2\/posts\/1373\/revisions"}],"predecessor-version":[{"id":1669,"href":"https:\/\/kodaly-muveszeti-fesztival.hu\/index.php?rest_route=\/wp\/v2\/posts\/1373\/revisions\/1669"}],"wp:attachment":[{"href":"https:\/\/kodaly-muveszeti-fesztival.hu\/index.php?rest_route=%2Fwp%2Fv2%2Fmedia&parent=1373"}],"wp:term":[{"taxonomy":"category","embeddable":true,"href":"https:\/\/kodaly-muveszeti-fesztival.hu\/index.php?rest_route=%2Fwp%2Fv2%2Fcategories&post=1373"},{"taxonomy":"post_tag","embeddable":true,"href":"https:\/\/kodaly-muveszeti-fesztival.hu\/index.php?rest_route=%2Fwp%2Fv2%2Ftags&post=1373"}],"curies":[{"name":"wp","href":"https:\/\/api.w.org\/{rel}","templated":true}]}}