{"id":1340,"date":"2021-07-22T11:49:29","date_gmt":"2021-07-22T11:49:29","guid":{"rendered":"https:\/\/kodaly-muveszeti-fesztival.hu\/?p=1340"},"modified":"2021-07-29T08:01:39","modified_gmt":"2021-07-29T08:01:39","slug":"elementor-1340","status":"publish","type":"post","link":"https:\/\/kodaly-muveszeti-fesztival.hu\/?p=1340","title":{"rendered":"Mozart a var\u00e1zsl\u00f3 &#8211; Simon Izabella"},"content":{"rendered":"\t\t<div data-elementor-type=\"wp-post\" data-elementor-id=\"1340\" class=\"elementor elementor-1340\">\n\t\t\t\t\t\t<section class=\"elementor-section elementor-top-section elementor-element elementor-element-9b7fe25 elementor-section-full_width elementor-section-content-middle elementor-section-height-default elementor-section-height-default\" data-id=\"9b7fe25\" data-element_type=\"section\">\n\t\t\t\t\t\t<div class=\"elementor-container elementor-column-gap-no\">\n\t\t\t\t\t<div class=\"elementor-column elementor-col-50 elementor-top-column elementor-element elementor-element-c626faf\" data-id=\"c626faf\" data-element_type=\"column\" data-settings=\"{&quot;background_background&quot;:&quot;classic&quot;}\">\n\t\t\t<div class=\"elementor-widget-wrap elementor-element-populated\">\n\t\t\t\t\t<div class=\"elementor-background-overlay\"><\/div>\n\t\t\t\t\t\t<div class=\"elementor-element elementor-element-98a22b8 elementor-widget elementor-widget-heading\" data-id=\"98a22b8\" data-element_type=\"widget\" data-widget_type=\"heading.default\">\n\t\t\t\t<div class=\"elementor-widget-container\">\n\t\t\t\t\t<h4 class=\"elementor-heading-title elementor-size-default\">Mozart a Var\u00e1zsl\u00f3 - Simon Izabella gyermek-m\u0171sora<\/h4>\t\t\t\t<\/div>\n\t\t\t\t<\/div>\n\t\t\t\t\t<\/div>\n\t\t<\/div>\n\t\t\t\t<div class=\"elementor-column elementor-col-50 elementor-top-column elementor-element elementor-element-6583387\" data-id=\"6583387\" data-element_type=\"column\">\n\t\t\t<div class=\"elementor-widget-wrap elementor-element-populated\">\n\t\t\t\t\t\t<div class=\"elementor-element elementor-element-c272e3a elementor-widget elementor-widget-text-editor\" data-id=\"c272e3a\" data-element_type=\"widget\" data-widget_type=\"text-editor.default\">\n\t\t\t\t<div class=\"elementor-widget-container\">\n\t\t\t\t\t\t\t\t\t<h5><strong><span style=\"color: #333333;\">Ez t\u00e9nyleg mes\u00e9s volt &#8211; mesekoncertet tartottak Mozartr\u00f3l<\/span><\/strong><\/h5><p>\u00a0<\/p><p><span style=\"color: #333333;\">Hogyan v\u00e1lhatott Mozart a csodagyermek csodafeln\u0151tt\u00e9, aki a hangokkal j\u00e1tszva k\u00f6nnyed\u00e9n ontotta mag\u00e1b\u00f3l zseni\u00e1lisabbn\u00e1l zseni\u00e1lisabb m\u0171veit? Ki a rejt\u00e9lyes h\u00f6lgy \u00e9s honnan \u00e9rkezett, hogy mes\u00e9ljen Mozartr\u00f3l \u00e9s a nevet\u0151, s\u00edr\u00f3, boldog vagy \u00e9ppen d\u00fch\u00f6s dallamokr\u00f3l, \u00e9s az izgalmas j\u00e1t\u00e9km\u00f3dr\u00f3l, ahol egyszerre n\u00e9gy k\u00e9z tud egyetlen hangszeren j\u00e1tszani? <\/span><span style=\"color: #333333;\">\u00c9s hogy mindez hogyan jelenik meg a koncert alatt egy meseillusztr\u00e1ci\u00f3n? <\/span><\/p><p><span style=\"color: #333333;\">Simon Izabella gyerekkoncertj\u00e9n kider\u00fcltek a v\u00e1laszok szerda d\u00e9lut\u00e1n az Otthon Moziban, ahol csal\u00e1doknak ny\u00fajtott min\u0151s\u00e9gi sz\u00f3rakoz\u00e1st a Kod\u00e1ly Fesztiv\u00e1l gyermekprogramja. T\u00e1rsm\u0171v\u00e9szek seg\u00edts\u00e9g\u00e9vel kalauzolta a gyerekeket ebbe a var\u00e1zslatos vil\u00e1gba az el\u0151ad\u00f3.<\/span><\/p>\t\t\t\t\t\t\t\t<\/div>\n\t\t\t\t<\/div>\n\t\t\t\t\t<\/div>\n\t\t<\/div>\n\t\t\t\t\t<\/div>\n\t\t<\/section>\n\t\t\t\t<\/div>\n\t\t","protected":false},"excerpt":{"rendered":"<p>Mozart a Var\u00e1zsl\u00f3 &#8211; Simon Izabella gyermek-m\u0171sora Ez t\u00e9nyleg mes\u00e9s volt &#8211; mesekoncertet tartottak Mozartr\u00f3l \u00a0 Hogyan v\u00e1lhatott Mozart a csodagyermek csodafeln\u0151tt\u00e9, aki a hangokkal j\u00e1tszva k\u00f6nnyed\u00e9n ontotta mag\u00e1b\u00f3l zseni\u00e1lisabbn\u00e1l zseni\u00e1lisabb m\u0171veit? Ki a rejt\u00e9lyes h\u00f6lgy \u00e9s honnan \u00e9rkezett, hogy mes\u00e9ljen Mozartr\u00f3l \u00e9s a nevet\u0151, s\u00edr\u00f3, boldog vagy \u00e9ppen d\u00fch\u00f6s dallamokr\u00f3l, \u00e9s az izgalmas j\u00e1t\u00e9km\u00f3dr\u00f3l, ahol egyszerre n\u00e9gy k\u00e9z tud egyetlen hangszeren j\u00e1tszani? \u00c9s hogy mindez hogyan jelenik meg a koncert alatt egy meseillusztr\u00e1ci\u00f3n? Simon Izabella gyerekkoncertj\u00e9n kider\u00fcltek a v\u00e1laszok szerda d\u00e9lut\u00e1n az Otthon Moziban, ahol csal\u00e1doknak ny\u00fajtott min\u0151s\u00e9gi sz\u00f3rakoz\u00e1st a Kod\u00e1ly Fesztiv\u00e1l gyermekprogramja. T\u00e1rsm\u0171v\u00e9szek seg\u00edts\u00e9g\u00e9vel kalauzolta a gyerekeket ebbe a var\u00e1zslatos vil\u00e1gba az el\u0151ad\u00f3.<\/p>\n","protected":false},"author":1,"featured_media":0,"comment_status":"open","ping_status":"closed","sticky":false,"template":"","format":"standard","meta":{"footnotes":""},"categories":[1],"tags":[],"class_list":["post-1340","post","type-post","status-publish","format-standard","hentry","category-uncategorized"],"_links":{"self":[{"href":"https:\/\/kodaly-muveszeti-fesztival.hu\/index.php?rest_route=\/wp\/v2\/posts\/1340","targetHints":{"allow":["GET"]}}],"collection":[{"href":"https:\/\/kodaly-muveszeti-fesztival.hu\/index.php?rest_route=\/wp\/v2\/posts"}],"about":[{"href":"https:\/\/kodaly-muveszeti-fesztival.hu\/index.php?rest_route=\/wp\/v2\/types\/post"}],"author":[{"embeddable":true,"href":"https:\/\/kodaly-muveszeti-fesztival.hu\/index.php?rest_route=\/wp\/v2\/users\/1"}],"replies":[{"embeddable":true,"href":"https:\/\/kodaly-muveszeti-fesztival.hu\/index.php?rest_route=%2Fwp%2Fv2%2Fcomments&post=1340"}],"version-history":[{"count":11,"href":"https:\/\/kodaly-muveszeti-fesztival.hu\/index.php?rest_route=\/wp\/v2\/posts\/1340\/revisions"}],"predecessor-version":[{"id":1837,"href":"https:\/\/kodaly-muveszeti-fesztival.hu\/index.php?rest_route=\/wp\/v2\/posts\/1340\/revisions\/1837"}],"wp:attachment":[{"href":"https:\/\/kodaly-muveszeti-fesztival.hu\/index.php?rest_route=%2Fwp%2Fv2%2Fmedia&parent=1340"}],"wp:term":[{"taxonomy":"category","embeddable":true,"href":"https:\/\/kodaly-muveszeti-fesztival.hu\/index.php?rest_route=%2Fwp%2Fv2%2Fcategories&post=1340"},{"taxonomy":"post_tag","embeddable":true,"href":"https:\/\/kodaly-muveszeti-fesztival.hu\/index.php?rest_route=%2Fwp%2Fv2%2Ftags&post=1340"}],"curies":[{"name":"wp","href":"https:\/\/api.w.org\/{rel}","templated":true}]}}