{"id":1165,"date":"2021-07-21T10:22:00","date_gmt":"2021-07-21T10:22:00","guid":{"rendered":"https:\/\/kodaly-muveszeti-fesztival.hu\/?p=1165"},"modified":"2021-09-07T13:51:26","modified_gmt":"2021-09-07T13:51:26","slug":"varazslatos-koncerttel","status":"publish","type":"post","link":"https:\/\/kodaly-muveszeti-fesztival.hu\/?p=1165","title":{"rendered":"Var\u00e1zslatos koncert &#8211; Herczku \u00c1gnes \u00e9s a Kecskem\u00e9ti Szimfonikus Zenekar"},"content":{"rendered":"\t\t<div data-elementor-type=\"wp-post\" data-elementor-id=\"1165\" class=\"elementor elementor-1165\">\n\t\t\t\t\t\t<section class=\"elementor-section elementor-top-section elementor-element elementor-element-42f8ec9 elementor-section-boxed elementor-section-height-default elementor-section-height-default\" data-id=\"42f8ec9\" data-element_type=\"section\">\n\t\t\t\t\t\t<div class=\"elementor-container elementor-column-gap-default\">\n\t\t\t\t\t<div class=\"elementor-column elementor-col-100 elementor-top-column elementor-element elementor-element-893d096\" data-id=\"893d096\" data-element_type=\"column\">\n\t\t\t<div class=\"elementor-widget-wrap elementor-element-populated\">\n\t\t\t\t\t\t<section class=\"elementor-section elementor-inner-section elementor-element elementor-element-59fa152 elementor-section-boxed elementor-section-height-default elementor-section-height-default\" data-id=\"59fa152\" data-element_type=\"section\">\n\t\t\t\t\t\t<div class=\"elementor-container elementor-column-gap-default\">\n\t\t\t\t\t<div class=\"elementor-column elementor-col-100 elementor-inner-column elementor-element elementor-element-75a8838\" data-id=\"75a8838\" data-element_type=\"column\">\n\t\t\t<div class=\"elementor-widget-wrap\">\n\t\t\t\t\t\t\t<\/div>\n\t\t<\/div>\n\t\t\t\t\t<\/div>\n\t\t<\/section>\n\t\t\t\t\t<\/div>\n\t\t<\/div>\n\t\t\t\t\t<\/div>\n\t\t<\/section>\n\t\t\t\t<section class=\"elementor-section elementor-top-section elementor-element elementor-element-362e199 elementor-section-boxed elementor-section-height-default elementor-section-height-default\" data-id=\"362e199\" data-element_type=\"section\">\n\t\t\t\t\t\t<div class=\"elementor-container elementor-column-gap-default\">\n\t\t\t\t\t<div class=\"elementor-column elementor-col-100 elementor-top-column elementor-element elementor-element-656dc31\" data-id=\"656dc31\" data-element_type=\"column\">\n\t\t\t<div class=\"elementor-widget-wrap elementor-element-populated\">\n\t\t\t\t\t\t<section class=\"elementor-section elementor-inner-section elementor-element elementor-element-6bf9907 elementor-section-boxed elementor-section-height-default elementor-section-height-default\" data-id=\"6bf9907\" data-element_type=\"section\">\n\t\t\t\t\t\t<div class=\"elementor-container elementor-column-gap-default\">\n\t\t\t\t\t<div class=\"elementor-column elementor-col-50 elementor-inner-column elementor-element elementor-element-20d0b45\" data-id=\"20d0b45\" data-element_type=\"column\" data-settings=\"{&quot;background_background&quot;:&quot;classic&quot;}\">\n\t\t\t<div class=\"elementor-widget-wrap elementor-element-populated\">\n\t\t\t\t\t<div class=\"elementor-background-overlay\"><\/div>\n\t\t\t\t\t\t<div class=\"elementor-element elementor-element-d09c1c6 elementor-widget elementor-widget-heading\" data-id=\"d09c1c6\" data-element_type=\"widget\" data-widget_type=\"heading.default\">\n\t\t\t\t<div class=\"elementor-widget-container\">\n\t\t\t\t\t<h4 class=\"elementor-heading-title elementor-size-default\">Var\u00e1zslatos koncerttel ny\u00edlt id\u00e9n a fesztiv\u00e1l<\/h4>\t\t\t\t<\/div>\n\t\t\t\t<\/div>\n\t\t\t\t\t<\/div>\n\t\t<\/div>\n\t\t\t\t<div class=\"elementor-column elementor-col-50 elementor-inner-column elementor-element elementor-element-6aed384\" data-id=\"6aed384\" data-element_type=\"column\">\n\t\t\t<div class=\"elementor-widget-wrap elementor-element-populated\">\n\t\t\t\t\t\t<div class=\"elementor-element elementor-element-af6f555 elementor-widget elementor-widget-text-editor\" data-id=\"af6f555\" data-element_type=\"widget\" data-widget_type=\"text-editor.default\">\n\t\t\t\t<div class=\"elementor-widget-container\">\n\t\t\t\t\t\t\t\t\t<p>A meg\u00fajult Kod\u00e1ly M\u0171v\u00e9szeti Fesztiv\u00e1l szabadt\u00e9ri koncerttel nyitotta meg az idei programsorozatot.\u00a0<\/p>\t\t\t\t\t\t\t\t<\/div>\n\t\t\t\t<\/div>\n\t\t\t\t<div class=\"elementor-element elementor-element-cef4900 elementor-widget elementor-widget-text-editor\" data-id=\"cef4900\" data-element_type=\"widget\" data-widget_type=\"text-editor.default\">\n\t\t\t\t<div class=\"elementor-widget-container\">\n\t\t\t\t\t\t\t\t\t<p>Hossz\u00fa id\u0151 \u00f3ta el\u0151sz\u00f6r kelt \u00e9letre Kecskem\u00e9t t\u00f6rt\u00e9nelmi F\u0151tere h\u00e9tf\u0151 este. A <strong>Kecskem\u00e9ti Szimfonikus Zenekar<\/strong> szabadt\u00e9ri nagykoncertje nyitotta meg a 2021-es Kod\u00e1ly M\u0171v\u00e9szeti Fesztiv\u00e1lt. Az atmoszf\u00e9rakoncerten <strong>Holl\u00f3k\u0151i Huba<\/strong> vez\u00e9nyelt, az est d\u00edszvend\u00e9ge <strong>Herczku \u00c1gnes<\/strong> n\u00e9pdal\u00e9nekesn\u0151 volt. A hangulat pedig mag\u00e1\u00e9rt besz\u00e9lt.<\/p><p>Ny\u00e1resti t\u00fccs\u00f6ksz\u00f3t nyomott el a f\u00e9ny\u00e1rban \u00fasz\u00f3 zenekar nagykoncertje, melyre t\u00f6bb sz\u00e1zan voltak k\u00edv\u00e1ncsiak. A rendezv\u00e9ny az idei Kod\u00e1ly Fesztiv\u00e1l nyit\u00e1nya volt, melyet 10 napig folyamatosan m\u0171v\u00e9szeti, zenei, kultur\u00e1lis programok k\u00f6vetnek majd.<\/p><p>A nagykoncert t\u00f6bb szempontb\u00f3l volt k\u00fcl\u00f6nleges: Herczku \u00c1gnes m\u0171v\u00e9szn\u0151 \u00e9neke zengte be az \u00dajkoll\u00e9gium el\u0151tti teret, majd n\u00e9h\u00e1ny percben \u00f6sszefoglalta a zen\u00e9hez, Kod\u00e1ly \u00f6r\u00f6ks\u00e9g\u00e9hez f\u0171z\u0151d\u0151 gondolatait. Holl\u00f3k\u0151i Huba csatlakozott a besz\u00e9lget\u00e9shez, aki a gener\u00e1ci\u00f3kon \u00e1t\u00edvel\u0151 zeneszeretetr\u0151l besz\u00e9lt. Mindek\u00f6zben a nagyzenekar m\u00e1r hangolt, majd elkezd\u0151d\u00f6tt a var\u00e1zslat.<\/p><p>A s\u00f6t\u00e9tben a f\u00e9nyj\u00e1t\u00e9k \u00e9s a klasszikus dallamok mintha egy mes\u00e9be rep\u00edtett\u00e9k volna a k\u00f6z\u00f6ns\u00e9get, sok h\u00f3napnyi bez\u00e1rts\u00e1g, kult\u00fara n\u00e9lk\u00fcl\u00f6z\u00e9s, szem\u00e9lyes tal\u00e1lkoz\u00e1sok hi\u00e1nya ut\u00e1n.<\/p><p>A koncerten Dohn\u00e1nyi Ern\u0151: Szimfonikus percek, Bart\u00f3k B\u00e9la: Magyar k\u00e9pek zenekari darabok hangzottak el, \u00e9s Kod\u00e1ly Zolt\u00e1n: Concertoja k\u00f6zben l\u00e9legzet-visszafojtva adta \u00e1t mag\u00e1t a k\u00f6z\u00f6ns\u00e9g a zen\u00e9nek, a szem\u00e9lyes tal\u00e1lkoz\u00e1s \u00f6r\u00f6m\u00e9nek \u00e9s a f\u00e9nyj\u00e1t\u00e9knak.<\/p><p><em>Fot\u00f3: Banczik R\u00f3bert<\/em><\/p>\t\t\t\t\t\t\t\t<\/div>\n\t\t\t\t<\/div>\n\t\t\t\t\t<\/div>\n\t\t<\/div>\n\t\t\t\t\t<\/div>\n\t\t<\/section>\n\t\t\t\t\t<\/div>\n\t\t<\/div>\n\t\t\t\t\t<\/div>\n\t\t<\/section>\n\t\t\t\t<section class=\"elementor-section elementor-top-section elementor-element elementor-element-0f8beb7 elementor-section-boxed elementor-section-height-default elementor-section-height-default\" data-id=\"0f8beb7\" data-element_type=\"section\">\n\t\t\t\t\t\t<div class=\"elementor-container elementor-column-gap-default\">\n\t\t\t\t\t<div class=\"elementor-column elementor-col-100 elementor-top-column elementor-element elementor-element-7770976\" data-id=\"7770976\" data-element_type=\"column\">\n\t\t\t<div class=\"elementor-widget-wrap elementor-element-populated\">\n\t\t\t\t\t\t<section class=\"elementor-section elementor-inner-section elementor-element elementor-element-8f8d61b elementor-section-boxed elementor-section-height-default elementor-section-height-default\" data-id=\"8f8d61b\" data-element_type=\"section\">\n\t\t\t\t\t\t<div class=\"elementor-container elementor-column-gap-default\">\n\t\t\t\t\t<div class=\"elementor-column elementor-col-50 elementor-inner-column elementor-element elementor-element-a14b67c\" data-id=\"a14b67c\" data-element_type=\"column\">\n\t\t\t<div class=\"elementor-widget-wrap elementor-element-populated\">\n\t\t\t\t\t\t<div class=\"elementor-element elementor-element-9ac9150 elementor-widget elementor-widget-text-editor\" data-id=\"9ac9150\" data-element_type=\"widget\" data-widget_type=\"text-editor.default\">\n\t\t\t\t<div class=\"elementor-widget-container\">\n\t\t\t\t\t\t\t\t\t<p>T\u00e1mogat\u00f3nk:<\/p><p><img decoding=\"async\" class=\"alignleft size-full wp-image-2156\" src=\"https:\/\/kodaly-muveszeti-fesztival.hu\/wp-content\/uploads\/2021\/09\/emet_logo.png\" alt=\"\" width=\"225\" height=\"90\" \/><\/p>\t\t\t\t\t\t\t\t<\/div>\n\t\t\t\t<\/div>\n\t\t\t\t\t<\/div>\n\t\t<\/div>\n\t\t\t\t<div class=\"elementor-column elementor-col-50 elementor-inner-column elementor-element elementor-element-bea8b32\" data-id=\"bea8b32\" data-element_type=\"column\">\n\t\t\t<div class=\"elementor-widget-wrap\">\n\t\t\t\t\t\t\t<\/div>\n\t\t<\/div>\n\t\t\t\t\t<\/div>\n\t\t<\/section>\n\t\t\t\t\t<\/div>\n\t\t<\/div>\n\t\t\t\t\t<\/div>\n\t\t<\/section>\n\t\t\t\t<\/div>\n\t\t","protected":false},"excerpt":{"rendered":"<p>Var\u00e1zslatos koncerttel ny\u00edlt id\u00e9n a fesztiv\u00e1l A meg\u00fajult Kod\u00e1ly M\u0171v\u00e9szeti Fesztiv\u00e1l szabadt\u00e9ri koncerttel nyitotta meg az idei programsorozatot.\u00a0 Hossz\u00fa id\u0151 \u00f3ta el\u0151sz\u00f6r kelt \u00e9letre Kecskem\u00e9t t\u00f6rt\u00e9nelmi F\u0151tere h\u00e9tf\u0151 este. A Kecskem\u00e9ti Szimfonikus Zenekar szabadt\u00e9ri nagykoncertje nyitotta meg a 2021-es Kod\u00e1ly M\u0171v\u00e9szeti Fesztiv\u00e1lt. Az atmoszf\u00e9rakoncerten Holl\u00f3k\u0151i Huba vez\u00e9nyelt, az est d\u00edszvend\u00e9ge Herczku \u00c1gnes n\u00e9pdal\u00e9nekesn\u0151 volt. A hangulat pedig mag\u00e1\u00e9rt besz\u00e9lt. Ny\u00e1resti t\u00fccs\u00f6ksz\u00f3t nyomott el a f\u00e9ny\u00e1rban \u00fasz\u00f3 zenekar nagykoncertje, melyre t\u00f6bb sz\u00e1zan voltak k\u00edv\u00e1ncsiak. A rendezv\u00e9ny az idei Kod\u00e1ly Fesztiv\u00e1l nyit\u00e1nya volt, melyet 10 napig folyamatosan m\u0171v\u00e9szeti, zenei, kultur\u00e1lis programok k\u00f6vetnek majd. A nagykoncert t\u00f6bb szempontb\u00f3l volt k\u00fcl\u00f6nleges: Herczku \u00c1gnes m\u0171v\u00e9szn\u0151 \u00e9neke zengte be az \u00dajkoll\u00e9gium el\u0151tti teret, majd n\u00e9h\u00e1ny percben \u00f6sszefoglalta a zen\u00e9hez, Kod\u00e1ly \u00f6r\u00f6ks\u00e9g\u00e9hez f\u0171z\u0151d\u0151 gondolatait. Holl\u00f3k\u0151i Huba csatlakozott a besz\u00e9lget\u00e9shez, aki a gener\u00e1ci\u00f3kon \u00e1t\u00edvel\u0151 zeneszeretetr\u0151l besz\u00e9lt. Mindek\u00f6zben a nagyzenekar m\u00e1r hangolt, majd elkezd\u0151d\u00f6tt a var\u00e1zslat. A s\u00f6t\u00e9tben a f\u00e9nyj\u00e1t\u00e9k \u00e9s a klasszikus dallamok mintha egy mes\u00e9be rep\u00edtett\u00e9k volna a k\u00f6z\u00f6ns\u00e9get, sok h\u00f3napnyi bez\u00e1rts\u00e1g, kult\u00fara n\u00e9lk\u00fcl\u00f6z\u00e9s, szem\u00e9lyes tal\u00e1lkoz\u00e1sok hi\u00e1nya ut\u00e1n. A koncerten Dohn\u00e1nyi Ern\u0151: Szimfonikus percek, Bart\u00f3k B\u00e9la: Magyar k\u00e9pek zenekari darabok hangzottak el, \u00e9s Kod\u00e1ly Zolt\u00e1n: Concertoja k\u00f6zben l\u00e9legzet-visszafojtva adta \u00e1t mag\u00e1t a k\u00f6z\u00f6ns\u00e9g a zen\u00e9nek, a szem\u00e9lyes tal\u00e1lkoz\u00e1s \u00f6r\u00f6m\u00e9nek \u00e9s a f\u00e9nyj\u00e1t\u00e9knak. Fot\u00f3: Banczik R\u00f3bert T\u00e1mogat\u00f3nk:<\/p>\n","protected":false},"author":1,"featured_media":0,"comment_status":"open","ping_status":"closed","sticky":false,"template":"","format":"standard","meta":{"footnotes":""},"categories":[1],"tags":[],"class_list":["post-1165","post","type-post","status-publish","format-standard","hentry","category-uncategorized"],"_links":{"self":[{"href":"https:\/\/kodaly-muveszeti-fesztival.hu\/index.php?rest_route=\/wp\/v2\/posts\/1165","targetHints":{"allow":["GET"]}}],"collection":[{"href":"https:\/\/kodaly-muveszeti-fesztival.hu\/index.php?rest_route=\/wp\/v2\/posts"}],"about":[{"href":"https:\/\/kodaly-muveszeti-fesztival.hu\/index.php?rest_route=\/wp\/v2\/types\/post"}],"author":[{"embeddable":true,"href":"https:\/\/kodaly-muveszeti-fesztival.hu\/index.php?rest_route=\/wp\/v2\/users\/1"}],"replies":[{"embeddable":true,"href":"https:\/\/kodaly-muveszeti-fesztival.hu\/index.php?rest_route=%2Fwp%2Fv2%2Fcomments&post=1165"}],"version-history":[{"count":19,"href":"https:\/\/kodaly-muveszeti-fesztival.hu\/index.php?rest_route=\/wp\/v2\/posts\/1165\/revisions"}],"predecessor-version":[{"id":2162,"href":"https:\/\/kodaly-muveszeti-fesztival.hu\/index.php?rest_route=\/wp\/v2\/posts\/1165\/revisions\/2162"}],"wp:attachment":[{"href":"https:\/\/kodaly-muveszeti-fesztival.hu\/index.php?rest_route=%2Fwp%2Fv2%2Fmedia&parent=1165"}],"wp:term":[{"taxonomy":"category","embeddable":true,"href":"https:\/\/kodaly-muveszeti-fesztival.hu\/index.php?rest_route=%2Fwp%2Fv2%2Fcategories&post=1165"},{"taxonomy":"post_tag","embeddable":true,"href":"https:\/\/kodaly-muveszeti-fesztival.hu\/index.php?rest_route=%2Fwp%2Fv2%2Ftags&post=1165"}],"curies":[{"name":"wp","href":"https:\/\/api.w.org\/{rel}","templated":true}]}}